{"id":736,"date":"2014-06-30T02:47:50","date_gmt":"2014-06-30T00:47:50","guid":{"rendered":"http:\/\/lindacastaneda.com\/?p=736"},"modified":"2014-06-30T02:47:50","modified_gmt":"2014-06-30T00:47:50","slug":"rict1314","status":"publish","type":"post","link":"https:\/\/www.lindacastaneda.com\/en\/mushware\/rict1314\/","title":{"rendered":"Actividades enriquecidas con tecnolog\u00eda, el trabajo de los R&#038;ICT1314"},"content":{"rendered":"<p>En la asignatura de R&amp;ICT (1er curso del grado en Educaci\u00f3n Primaria, grupo biling\u00fce) hemos trabajado todo el a\u00f1o con un proyecto que me gustar\u00eda contaros para lo de siempre, si os gusta que us\u00e9is lo que os parezca y si ten\u00e9is alguna sugerencia que \u2013amablemente jeje- me la hag\u00e1is: durante todo el curso hemos dise\u00f1ado en grupos de 2 o 3 personas lo que hemos llamado una Actividad Did\u00e1ctica enriquecida con tecnolog\u00eda.<\/p>\n<p>Para hacerlo lo primero que hicimos fue hablar de metas (goals), la idea era pensar en qu\u00e9 queremos realmente que los alumnos aprendan, partiendo de que si en realidad se trata de \u201cenriquecer\u201d la actividad did\u00e1ctica, ser\u00e1 porque aspiramos a <a href=\"http:\/\/pcs2ndgrade.pbworks.com\/f\/1318607148\/RBT.PNG\" target=\"_blank\" rel=\"noopener\">algo m\u00e1s que recordar o entender<\/a> (aunque ya sab\u00e9is que <a href=\"http:\/\/lindacastaneda.com\/mushware\/nobloom\/\" target=\"_blank\" rel=\"noopener\">no soy la m\u00e1s Bloomer <\/a>\ud83d\ude09 ). La idea era, partiendo del tema que quisi\u00e9ramos abordar (siempre desde el Curriculum oficial y la <a href=\"http:\/\/fernandotrujillo.es\/revision-del-real-decreto-primaria\/\" target=\"_blank\" rel=\"noopener\">impresionante revisi\u00f3n de Fernando Trujillo<\/a>), darle vueltas a qu\u00e9 verbos vamos a poner en marcha con los estudiantes\u2026 as\u00ed que les ped\u00ed que pusieran esos verbos en un padlet:<\/p>\n<p><iframe loading=\"lazy\" style=\"padding: 0; margin: 0; border: none;\" src=\"\/\/es.padlet.com\/embed\/ws52d7ziix\" width=\"100%\" height=\"480px\" frameborder=\"0\"><\/iframe><\/p>\n<div style=\"border-top: 2px solid #a7d23a; padding: 8px; margin: 0; font-size: 12px; text-align: right;\"><a style=\"color: #41555f; text-decoration: none;\" href=\"http:\/\/padlet.com\">Created with Padlet<img decoding=\"async\" style=\"margin: 0 0 0 10px; padding: 0; border: none; width: 16px; height: 16px;\" src=\"http:\/\/padlet.com\/favicon.ico\" alt=\"\" \/><\/a><\/div>\n<p>Una vez puestos los verbos en ese tabl\u00f3n, hicimos una reflexi\u00f3n en clase sobre qu\u00e9 significaban y qu\u00e9 consecuencias ten\u00edan en las actividades. Ahora con eso, <a href=\"http:\/\/thevirtualleader.blogspot.com.es\/\" target=\"_blank\" rel=\"noopener\">Jane Challinor<\/a> en su visita (a la que le debo un post) nos hizo reflexionar un poco sobre la importancia de lo multimedia y de buscar y curar informaci\u00f3n relevante que nos ayude a no dise\u00f1ar la rueda de nuevo, as\u00ed que cada grupo hizo un tabl\u00f3n de pinterest para que sirviera como centro de organizaci\u00f3n de informaci\u00f3n relacionada con su futura actividad: <a title=\"Captura de pantalla 2014-06-30 a la(s) 01.56.36 por lindacq, en Flickr\" href=\"https:\/\/www.flickr.com\/photos\/lindacastaneda\/14537465912\/\"><img loading=\"lazy\" decoding=\"async\" class=\"aligncenter\" src=\"https:\/\/farm4.staticflickr.com\/3926\/14537465912_bdf436165e_n.jpg\" alt=\"Captura de pantalla 2014-06-30 a la(s) 01.56.36\" width=\"320\" height=\"175\" \/><\/a> Entonces empezamos a trabajar en estrategia metodol\u00f3gica \u2013qu\u00e9 van a hacer tus futuros alumnos- y adem\u00e1s tocamos lo que parece que todo el mundo opina que deber\u00eda ser lo \u00fanico que deber\u00edamos dar en clase: las herramientas y, c\u00f3mo no, de evaluaci\u00f3n. Para eso tuvimos la suerte de tener en clase a <a href=\"http:\/\/imaxinante.tumblr.com\/\" target=\"_blank\" rel=\"noopener\">Manel Rives<\/a>, quien nos cont\u00f3 unas cu\u00e1ntas cosas sobre creatividad, centros de inter\u00e9s, lo que son capaces de hacer los alumnos y herramientas m\u00f3viles para trabajar con los estudiantes.<\/p>\n<p>Con esa primera aproximaci\u00f3n, los estudiantes deb\u00edan preparar su actividad para presentarla en una feria presencial que hicimos en el hall de la facultad (aqu\u00ed ten\u00e9is algunas <a href=\"https:\/\/www.flickr.com\/photos\/lindacastaneda\/sets\/72157644786967663\/\" target=\"_blank\" rel=\"noopener\">fotos de la feria <\/a>) El objetivo de la feria era presentar el \u201ctodo\u201d preparado y recibir feedback antes de la evaluaci\u00f3n: tanto de la profe (yo), como de los visitantes de nuestra feria, quienes despu\u00e9s- si quer\u00edan- pod\u00edan rellenar una encuesta en red que dejamos disponible con un c\u00f3digo QR que pusimos en cada stand. La nota media de nuestros visitantes fue un 8,26 (s\u00ed, son muy amables :-)) e hicieron algunos comentarios de los que os ense\u00f1amos en la siguiente nube de palabras. <a title=\"Captura de pantalla 2014-06-30 a la(s) 02.22.12 por lindacq, en Flickr\" href=\"https:\/\/www.flickr.com\/photos\/lindacastaneda\/14352128987\/\"><img loading=\"lazy\" decoding=\"async\" class=\"aligncenter\" src=\"https:\/\/farm4.staticflickr.com\/3912\/14352128987_3c1a35940a_n.jpg\" alt=\"Captura de pantalla 2014-06-30 a la(s) 02.22.12\" width=\"320\" height=\"174\" \/><\/a> Con ese feedback, los estudiantes deb\u00edan presentar la actividad reformulada en una p\u00e1gina de TACKK (por uniformar decidimos esta herramienta que fuera MUY muy f\u00e1cil y que dejara un resultado est\u00e9ticamente similar). En esa p\u00e1gina web deb\u00edan incluirse lo que lamamos \u201cThe basics of the activity\u201d: es decir: goals, process, teacher\u2019s guide, assessment criteria and instrument, etc; Tutorial(s) for using the ICT tools that are used on the activity; Example of the final artifact the potential students must do.; Author\u2019s individual PLE &amp; reflection about the subject. <a title=\"Captura de pantalla 2014-06-30 a la(s) 01.40.03 por lindacq, en Flickr\" href=\"https:\/\/www.flickr.com\/photos\/lindacastaneda\/14537363732\/\"><img loading=\"lazy\" decoding=\"async\" class=\"aligncenter\" src=\"https:\/\/farm4.staticflickr.com\/3904\/14537363732_91126fa56b_n.jpg\" alt=\"Captura de pantalla 2014-06-30 a la(s) 01.40.03\" width=\"320\" height=\"225\" \/><\/a> Era importante que todo el proceso (s\u00ed desde el principio) se gestionase dentro de los grupos a trav\u00e9s de una herramienta de gesti\u00f3n de proyectos llamada Trello que me ayud\u00f3 a hacer un seguimiento m\u00e1s o menos al d\u00eda de lo que iban haciendo mis estudiantes. <a title=\"Captura de pantalla 2014-06-30 a la(s) 01.56.36 por lindacq, en Flickr\" href=\"https:\/\/www.flickr.com\/photos\/lindacastaneda\/14537465912\/\"><img loading=\"lazy\" decoding=\"async\" class=\"aligncenter\" src=\"https:\/\/farm4.staticflickr.com\/3926\/14537465912_bdf436165e_n.jpg\" alt=\"Captura de pantalla 2014-06-30 a la(s) 01.56.36\" width=\"320\" height=\"175\" \/><\/a> El resultado de las actividades queremos que sirva en la medida de lo posible a profes, as\u00ed que hemos realizado una tabla que dejamos buscable a todos los interesados y que, gracias al plugin Tablepress para WordPress, ya se ha agregado a <a href=\"http:\/\/lindacastaneda.com\/docencia\/teaeng\/\" target=\"_blank\" rel=\"noopener\">una p\u00e1gina de la secci\u00f3n \u201cdocencia\u201d <\/a>de este sitio web . [table \u201c1\u201d not found \/]<br \/>\n<\/p>\n<p>Eso es lo que hemos hecho\u2026 ahora me queda hacer reflexi\u00f3n sobre el trabajo, pero lo dejar\u00e9 para otro post. Quisiera agradecer sinceramente la inspiraci\u00f3n y ayuda que mi amigo y compa\u00f1ero Manel Rives que me ayud\u00f3 a pensar en toda la estructura del proceso y hacerlo, y obviamente quiero agradecer a mis estudiantes por el trabajo que han hecho y por ser la raz\u00f3n que hace que siga deseando que venga el a\u00f1o que viene y empezar otra vez\u2026<\/p>\n<p>\u00a1Gracias por todo! (y van 34)<\/p>\n","protected":false},"excerpt":{"rendered":"<p>En la asignatura de R&amp;ICT (1er curso del grado en Educaci\u00f3n Primaria, grupo biling\u00fce) hemos trabajado todo el a\u00f1o con un proyecto que me gustar\u00eda contaros para lo de siempre, si os gusta que us\u00e9is lo que os parezca y si ten\u00e9is alguna sugerencia que \u2013amablemente jeje- me la hag\u00e1is: durante todo el curso hemos <a class=\"read-more\" href=\"https:\/\/www.lindacastaneda.com\/en\/mushware\/rict1314\/\">Read More<\/a><\/p>\n","protected":false},"author":1,"featured_media":0,"comment_status":"open","ping_status":"open","sticky":false,"template":"","format":"standard","meta":{"om_disable_all_campaigns":false,"_monsterinsights_skip_tracking":false,"_monsterinsights_sitenote_active":false,"_monsterinsights_sitenote_note":"","_monsterinsights_sitenote_category":0,"_vp_format_video_url":"","_vp_image_focal_point":[],"footnotes":""},"categories":[17,18,27,28],"tags":[64,75,85,109,139,167],"class_list":["post-736","post","type-post","status-publish","format-standard","hentry","category-novedades","category-pedagogia","category-trabajos","category-web-2-0","tag-docencia","tag-estrategias-de-clase","tag-ftsaez","tag-manelrives","tag-rict1314","tag-virtualleader"],"_links":{"self":[{"href":"https:\/\/www.lindacastaneda.com\/en\/wp-json\/wp\/v2\/posts\/736","targetHints":{"allow":["GET"]}}],"collection":[{"href":"https:\/\/www.lindacastaneda.com\/en\/wp-json\/wp\/v2\/posts"}],"about":[{"href":"https:\/\/www.lindacastaneda.com\/en\/wp-json\/wp\/v2\/types\/post"}],"author":[{"embeddable":true,"href":"https:\/\/www.lindacastaneda.com\/en\/wp-json\/wp\/v2\/users\/1"}],"replies":[{"embeddable":true,"href":"https:\/\/www.lindacastaneda.com\/en\/wp-json\/wp\/v2\/comments?post=736"}],"version-history":[{"count":0,"href":"https:\/\/www.lindacastaneda.com\/en\/wp-json\/wp\/v2\/posts\/736\/revisions"}],"wp:attachment":[{"href":"https:\/\/www.lindacastaneda.com\/en\/wp-json\/wp\/v2\/media?parent=736"}],"wp:term":[{"taxonomy":"category","embeddable":true,"href":"https:\/\/www.lindacastaneda.com\/en\/wp-json\/wp\/v2\/categories?post=736"},{"taxonomy":"post_tag","embeddable":true,"href":"https:\/\/www.lindacastaneda.com\/en\/wp-json\/wp\/v2\/tags?post=736"}],"curies":[{"name":"wp","href":"https:\/\/api.w.org\/{rel}","templated":true}]}}