{"id":48,"date":"2007-01-21T08:41:01","date_gmt":"2007-01-21T08:41:01","guid":{"rendered":"https:\/\/lindacastaneda.com\/?p=48"},"modified":"2007-01-21T08:41:01","modified_gmt":"2007-01-21T08:41:01","slug":"conectivism_on_line_conference","status":"publish","type":"post","link":"https:\/\/www.lindacastaneda.com\/en\/mushware\/conectivism_on_line_conference\/","title":{"rendered":"CONECTIVISM ON-LINE CONFERENCE"},"content":{"rendered":"<p>Como dec\u00eda en un post anterior, el   <strong> conectivismo <\/strong> es uno de esos conceptos que te llaman la atenci\u00f3n, no s\u00f3lo por sus implicaciones m\u00e1s o menos nuevas, sino porque es uno de esos centros de discusi\u00f3n que se est\u00e1n moviendo con m\u00e1s fuerza en los \u201calrededores\u201d de la red.<br \/>\nPues bien, con la intenci\u00f3n de hacer un foro de discusi\u00f3n m\u00e1s \u201cformal\u201d sobre el mismo, su creador George Siemens, con el apoyo de algunas instituciones Estadounidenses, ha convocado el <a href=\"http:\/\/umanitoba.ca\/learning_technologies\/connectivisim\"> Congreso en Red sobre Conectivismo. <\/a><br \/>\nSe trata de un evento enteramente en red que se articula en torno a una conferencia al d\u00eda (de gente que hemos le\u00eddo \u00faltimamente en la red) que se emitir\u00e1 en directo y estar\u00e1 disponible en diferido, sobre las implicaciones del planteamiento conectivista en la educaci\u00f3n, y un debate en torno a los puntos tratados. Se pretende que el debate sea lo m\u00e1s enriquecedor y variopinto posible, y se llama a la participaci\u00f3n de cuantos estemos interesados, S\u00f3lo hace falta inscribir el e-mail y quedas inscritos (me consta que no te llenan de spam).<br \/>\nLo \u00fanico \u201cmalo\u201d para nuestro entorno es que todas las conferencias y debates planteados hasta el momento son en la lengua de Shakespeare y no en la de Cervantes, pero bueno ;-)\u2026<br \/>\nSi os interesa <a href=\"http:\/\/umanitoba.ca\/learning_technologies\/connectivisim\"> aqu\u00ed ten\u00e9is el horario original de las conferencias <\/a> (para los que compart\u00e1is mi ignorancia CST = GMT-6 &#61514;)<br \/>\nPor si sirve de algo os hago una traducci\u00f3n \u201clibre\u201d (m\u00e1s que libre, fugitiva, dir\u00eda yo) del programa:<br \/>\n<strong>\u2022<\/strong>\t2 de Febrero, 5pm (GMT): <strong>CONECTIVISMO, conceptualizando el aprendizaje bajo el prisma del mundo actual.<\/strong><a href=\" http:\/\/www.elearnspace.org\/blog \"> George Siemens<\/a><br \/>\n<strong>\u2022<\/strong>\t5 de Febrero, 5pm (GMT):<strong> Ense\u00f1anza Conectiva: c\u00f3mo la Web de lectura\/escritura reta la pr\u00e1ctica tradicional<\/strong>. <a href=\" http:\/\/www.weblogg-ed.com \">Will Richardson<\/a><br \/>\n<strong>\u2022<\/strong>\t6 de Febrero, 5pm (GMT): <strong>Equilibrando agilidad y estabilidad en la Educaci\u00f3n Superior<\/strong>.  <a href=\" http:\/\/www.educause.edu\/ \">Diana Oblinger.<\/a><br \/>\n<strong>\u2022<\/strong>\t7 de Febrero, 6:30pm (GMT):  <strong>El Reto de asumir el colectivismo<\/strong>. <a href=\" http:\/\/learningevolves.wikispaces.com\/ \">Bill Kerr.<\/a><br \/>\n<strong>\u2022<\/strong>\t8 de Febrero, 5pm (GMT):<strong> El Factor de Reconocimiento<\/strong>.<a href=\"http:\/\/www.downes.ca \"> Stephen Downes.<\/a><br \/>\n<strong>\u2022<\/strong>\t9 de Febrero, 5pm (GMT): <strong>Investigaci\u00f3n y Pedagog\u00edas en Red<\/strong>. <a href=\"http:\/\/me2u.athabascau.ca\/terrya\/weblog\/ \">Terry Anderson<\/a><\/p>\n","protected":false},"excerpt":{"rendered":"<p>Como dec\u00eda en un post anterior, el conectivismo es uno de esos conceptos que te llaman la atenci\u00f3n, no s\u00f3lo por sus implicaciones m\u00e1s o menos nuevas, sino porque es uno de esos centros de discusi\u00f3n que se est\u00e1n moviendo con m\u00e1s fuerza en los \u201calrededores\u201d de la red. Pues bien, con la intenci\u00f3n de <a class=\"read-more\" href=\"https:\/\/www.lindacastaneda.com\/en\/mushware\/conectivism_on_line_conference\/\">Read More<\/a><\/p>\n","protected":false},"author":1,"featured_media":0,"comment_status":"open","ping_status":"open","sticky":false,"template":"","format":"standard","meta":{"om_disable_all_campaigns":false,"_monsterinsights_skip_tracking":false,"_monsterinsights_sitenote_active":false,"_monsterinsights_sitenote_note":"","_monsterinsights_sitenote_category":0,"_vp_format_video_url":"","_vp_image_focal_point":[],"footnotes":""},"categories":[3],"tags":[],"class_list":["post-48","post","type-post","status-publish","format-standard","hentry","category-blog"],"_links":{"self":[{"href":"https:\/\/www.lindacastaneda.com\/en\/wp-json\/wp\/v2\/posts\/48","targetHints":{"allow":["GET"]}}],"collection":[{"href":"https:\/\/www.lindacastaneda.com\/en\/wp-json\/wp\/v2\/posts"}],"about":[{"href":"https:\/\/www.lindacastaneda.com\/en\/wp-json\/wp\/v2\/types\/post"}],"author":[{"embeddable":true,"href":"https:\/\/www.lindacastaneda.com\/en\/wp-json\/wp\/v2\/users\/1"}],"replies":[{"embeddable":true,"href":"https:\/\/www.lindacastaneda.com\/en\/wp-json\/wp\/v2\/comments?post=48"}],"version-history":[{"count":0,"href":"https:\/\/www.lindacastaneda.com\/en\/wp-json\/wp\/v2\/posts\/48\/revisions"}],"wp:attachment":[{"href":"https:\/\/www.lindacastaneda.com\/en\/wp-json\/wp\/v2\/media?parent=48"}],"wp:term":[{"taxonomy":"category","embeddable":true,"href":"https:\/\/www.lindacastaneda.com\/en\/wp-json\/wp\/v2\/categories?post=48"},{"taxonomy":"post_tag","embeddable":true,"href":"https:\/\/www.lindacastaneda.com\/en\/wp-json\/wp\/v2\/tags?post=48"}],"curies":[{"name":"wp","href":"https:\/\/api.w.org\/{rel}","templated":true}]}}