{"id":2275,"date":"2024-12-10T16:00:19","date_gmt":"2024-12-10T15:00:19","guid":{"rendered":"https:\/\/www.lindacastaneda.com\/?p=2275"},"modified":"2024-12-03T17:28:27","modified_gmt":"2024-12-03T16:28:27","slug":"catedraintencionesydescargo","status":"publish","type":"post","link":"https:\/\/www.lindacastaneda.com\/en\/mushware\/catedraintencionesydescargo\/","title":{"rendered":"Professorship Defense &#8221; Statement and Disclaimer&#8221;"},"content":{"rendered":"<p>Today, I successfully applied for a professorship in my area of expertise\u2014Didactics and School Organization\u2014at the Faculty of Education at the University of Murcia.<\/p>\n<p>When I completed my work for the position of Associate Professor, I shared with you part of the process\u2014<a href=\"https:\/\/www.lindacastaneda.com\/en\/mushware\/hacer-un-proyecto-docente\/\" target=\"_blank\" rel=\"noopener\">it\u2019s available in my post from September 12, 2018\u2013<\/a>. Today, that approach doesn\u2019t make much sense to me (I can\u2019t contribute much more, mainly due to the variety of processes and approaches in Spanish universities). However, I would like to share some reflections on how I prepared for the exam and what the document I\u2019ve presented as my \u201cProyecto de C\u00e1tedra\u201d means to me\u00a0 (my university\u2019s regulations require this document). To do this, I will share with you a section of this document (which you will find here in a piecemeal fashion) that I\u2019ve titled:<\/p>\n<h4><span style=\"color: #800080;\"><strong>Professorship Statement and Disclaimer<\/strong><\/span><\/h4>\n<p><span style=\"color: #800080;\">\u201cThis work <span style=\"color: #333333;\">(referring to the project I presented to the panel who examined me)<\/span>\u00a0 aims to be an academic reflection of what it means for me to aspire to a<img loading=\"lazy\" decoding=\"async\" class=\" wp-image-2305 alignright\" src=\"https:\/\/www.lindacastaneda.com\/wp-content\/uploads\/2024\/12\/Captura-de-pantalla-2024-12-03-a-las-17.27.09.png\" alt=\"\" width=\"281\" height=\"398\" srcset=\"https:\/\/www.lindacastaneda.com\/wp-content\/uploads\/2024\/12\/Captura-de-pantalla-2024-12-03-a-las-17.27.09.png 643w, https:\/\/www.lindacastaneda.com\/wp-content\/uploads\/2024\/12\/Captura-de-pantalla-2024-12-03-a-las-17.27.09-212x300.png 212w, https:\/\/www.lindacastaneda.com\/wp-content\/uploads\/2024\/12\/Captura-de-pantalla-2024-12-03-a-las-17.27.09-500x708.png 500w\" sizes=\"auto, (max-width: 281px) 100vw, 281px\" \/> university professorship in Educational Technology. Perhaps because of this, I do not intend to make a definitive theoretical or epistemic stance. This work is not meant to be \u2018my legacy\u2019 or a declaration of what I intend my research to be from now on, precisely because the mission of an academic, at least from my point of view, should be reviewed, rethought, and redirected continuously.<\/span><\/p>\n<p><span style=\"color: #800080;\">It is an integrated proposal with short\u2014or medium-term research projects that will likely evolve soon, and I hope it will continue to help me evolve in my understanding of the problems around me and the educational reality in a broad sense.<\/span><\/p>\n<p><span style=\"color: #800080;\">In this case, I intend to take a practical approach (without implying that all research should be &#8220;useful&#8221;) and an exploratory and critical approach. Although what I present is, in fact, a short-term bet, I believe it should reflect not only my current thematic and reflective stance but also my understanding of how research in Educational Technology should be conducted and the guiding questions I ask myself daily to pursue this field.<\/span><\/p>\n<p><span style=\"color: #800080;\">Hence, I understand that this proposal must respond to a series of fundamental characteristics:<\/span><\/p>\n<ul>\n<li><span style=\"color: #800080;\">Address a substantive issue that affects or pertains to fundamental questions about the impact of technology on education, where the effect on education should be the priority.<\/span><\/li>\n<li><span style=\"color: #800080;\">Be coherent, meaning to seek, develop, and give space to the paths opened by the research history.<\/span><\/li>\n<li><span style=\"color: #800080;\">Dare to be innovative means looking in diverse places for different things. This implies advanced technology and an awareness of the most advanced problems. It also means exploring, sometimes even without knowing if there is something on the other side.<\/span><\/li>\n<li><span style=\"color: #800080;\">Be epistemically committed, generating theoretical, methodological, and educational structures that give substance to new paths we must blaze in education. The goal is to light up areas others can walk through and, if possible, turn those paths into \u201croads.\u201d This means keeping an eye on all new developments, but without rushing to any trend, and ensuring that someone follows the paths we trace\u2026<\/span><\/li>\n<li><span style=\"color: #800080;\">Be socially committed to the development of the context, in this case, to the development of my institution, my classroom, but also to other institutions like mine, and of course, to public education and what it entails.<\/span><\/li>\n<li><span style=\"color: #800080;\">It should be bold, meaning rigorous, but also willing to find, test, learn, and even fail or find paths that cannot be travelled.<\/span><br \/>\n<span style=\"color: #800080;\">Interdisciplinary, understanding that education is not done solely by educators, giving place in the research to professionals who educate and those who shape the technological present, but keeping clearly in mind that the education of people (subjects in the community) is the priority in that multiple perspectives.<\/span><\/li>\n<li><span style=\"color: #800080;\">It must be communicated, transferred, and made usable by all those who may be addressed by it, not only by other researchers. For this, it must be open and frank, and I must make an effort to disseminate it.<\/span><\/li>\n<\/ul>\n<p><span style=\"color: #800080;\">I know many topics are not addressed in this text, but they are always there as a backdrop and a horizon to which to aspire. To name a few, I would start by saying that the redefinition of my field of knowledge\u2014Educational Technology\u2014that I tackled in my Associate Professor project and later worked on thoroughly with Professors Salinas and Adell (Casta\u00f1eda et al., 2020) remains a crucial factor that must be kept fresh in any analysis of this nature. The training of teachers, which will be mentioned in the more distant futures of the last part of this document, is an irreplaceable horizon of extraordinary importance but one that we cannot address in this proposal. There is also a vast area of work related to the generation of knowledge by students\u2014yes, referring to the DCCU\u2014which we do not address in this work but should be addressed. <\/span><\/p>\n<p><span style=\"color: #800080;\">Additionally, many organizational, social, political, and economic constraints condition and limit\u2014or try to limit\u2014my research, but they do not depend on me. However, I have been aware of these constraints for many years and have been fortunate to conduct research that influences my immediate and not-so-immediate context, so I hope to continue dealing with them as I have so far and continue to influence them for the better.&#8221;<\/span><\/p>\n<p>As you can see, it is a statement of intentions that I hoped would represent me. Because if there\u2019s one thing I believe was necessary on a day like today\u2014when the ANECA accreditation already says you\u2019ve jumped farther, higher, better\u2014it was a declaration of who I am and what I believe has brought me to this point and what I will do from here on. It is not very different from what I have been, but part of the charm, I suppose, lies in what I am willing to continue to be.<\/p>\n<p><figure id=\"attachment_2279\" aria-describedby=\"caption-attachment-2279\" style=\"width: 916px\" class=\"wp-caption aligncenter\"><img loading=\"lazy\" decoding=\"async\" class=\"size-full wp-image-2279\" src=\"https:\/\/www.lindacastaneda.com\/wp-content\/uploads\/2024\/12\/Captura-de-pantalla-2024-12-03-a-las-8.36.24.png\" alt=\"\" width=\"916\" height=\"848\" srcset=\"https:\/\/www.lindacastaneda.com\/wp-content\/uploads\/2024\/12\/Captura-de-pantalla-2024-12-03-a-las-8.36.24.png 916w, https:\/\/www.lindacastaneda.com\/wp-content\/uploads\/2024\/12\/Captura-de-pantalla-2024-12-03-a-las-8.36.24-300x278.png 300w, https:\/\/www.lindacastaneda.com\/wp-content\/uploads\/2024\/12\/Captura-de-pantalla-2024-12-03-a-las-8.36.24-768x711.png 768w, https:\/\/www.lindacastaneda.com\/wp-content\/uploads\/2024\/12\/Captura-de-pantalla-2024-12-03-a-las-8.36.24-500x463.png 500w, https:\/\/www.lindacastaneda.com\/wp-content\/uploads\/2024\/12\/Captura-de-pantalla-2024-12-03-a-las-8.36.24-800x741.png 800w\" sizes=\"auto, (max-width: 916px) 100vw, 916px\" \/><figcaption id=\"caption-attachment-2279\" class=\"wp-caption-text\">\u00daltima p\u00e1gina del proyecto de C\u00e1tedra de Linda Casta\u00f1eda<\/figcaption><\/figure><\/p>","protected":false},"excerpt":{"rendered":"<p>Today, I successfully applied for a professorship in my area of expertise\u2014Didactics and School Organization\u2014at the Faculty of Education at the University of Murcia. When I completed my work for the position of Associate Professor, I shared with you part of the process\u2014it\u2019s available in my post from September 12, 2018\u2013. Today, that approach doesn\u2019t <a class=\"read-more\" href=\"https:\/\/www.lindacastaneda.com\/en\/mushware\/catedraintencionesydescargo\/\">Read More<\/a><\/p>\n","protected":false},"author":1,"featured_media":0,"comment_status":"open","ping_status":"open","sticky":false,"template":"","format":"standard","meta":{"om_disable_all_campaigns":false,"_monsterinsights_skip_tracking":false,"_monsterinsights_sitenote_active":false,"_monsterinsights_sitenote_note":"","_monsterinsights_sitenote_category":0,"_vp_format_video_url":"","_vp_image_focal_point":[],"footnotes":""},"categories":[21,22,27],"tags":[],"class_list":["post-2275","post","type-post","status-publish","format-standard","hentry","category-proyectos","category-reflexiones","category-trabajos"],"_links":{"self":[{"href":"https:\/\/www.lindacastaneda.com\/en\/wp-json\/wp\/v2\/posts\/2275","targetHints":{"allow":["GET"]}}],"collection":[{"href":"https:\/\/www.lindacastaneda.com\/en\/wp-json\/wp\/v2\/posts"}],"about":[{"href":"https:\/\/www.lindacastaneda.com\/en\/wp-json\/wp\/v2\/types\/post"}],"author":[{"embeddable":true,"href":"https:\/\/www.lindacastaneda.com\/en\/wp-json\/wp\/v2\/users\/1"}],"replies":[{"embeddable":true,"href":"https:\/\/www.lindacastaneda.com\/en\/wp-json\/wp\/v2\/comments?post=2275"}],"version-history":[{"count":6,"href":"https:\/\/www.lindacastaneda.com\/en\/wp-json\/wp\/v2\/posts\/2275\/revisions"}],"predecessor-version":[{"id":2308,"href":"https:\/\/www.lindacastaneda.com\/en\/wp-json\/wp\/v2\/posts\/2275\/revisions\/2308"}],"wp:attachment":[{"href":"https:\/\/www.lindacastaneda.com\/en\/wp-json\/wp\/v2\/media?parent=2275"}],"wp:term":[{"taxonomy":"category","embeddable":true,"href":"https:\/\/www.lindacastaneda.com\/en\/wp-json\/wp\/v2\/categories?post=2275"},{"taxonomy":"post_tag","embeddable":true,"href":"https:\/\/www.lindacastaneda.com\/en\/wp-json\/wp\/v2\/tags?post=2275"}],"curies":[{"name":"wp","href":"https:\/\/api.w.org\/{rel}","templated":true}]}}