{"id":2090,"date":"2023-01-09T07:10:27","date_gmt":"2023-01-09T06:10:27","guid":{"rendered":"https:\/\/www.lindacastaneda.com\/?p=2090"},"modified":"2023-01-02T12:18:58","modified_gmt":"2023-01-02T11:18:58","slug":"ple2023specialissue","status":"publish","type":"post","link":"https:\/\/www.lindacastaneda.com\/en\/mushware\/ple2023specialissue\/","title":{"rendered":"Personal Learning Environments: Challenging the networked ecosystems with people agency"},"content":{"rendered":"<p>Just over a year ago, we held a symposium in which we analysed where we were on issues related to Personal Learning Environments (PLE), yes, we were not talking about personalisation, nor about adaptive learning, but about PLE, that elusive concept that we have been talking about for over 15 years but which, being little or nothing linked to productive or remunerated issues, has a &#8220;discreet&#8221; predicament. We talked about that symposium in the entry: <a href=\"https:\/\/www.lindacastaneda.com\/mushware\/ple_teem2021\/\" target=\"_blank\" rel=\"noopener\"><strong>LET&#8217;S TALK ABOUT PLE IN TEEM 2021<\/strong><\/a> of the TEEM2021 congress and we were able to write a summary article about the session we held at that congress, <strong>&#8220;<a href=\"https:\/\/www.edutec.es\/revista\/index.php\/edutec-e\/article\/view\/2347\" target=\"_blank\" rel=\"noopener\">Personal\u00a0Learning Environments as a Framework for Flexible Learning: Exploring Consensus, Asking Questions and Tracing Challenges<\/a>&#8220;<\/strong> (yes, it is just in Spanish but I&#8217;m sure the DEEP_L translation would help you to read it if you want ;-)), where the organisers of the Symposium (Graham Attwell, Nada Dabbagh and myself) collected the conversations of that time and explained where we were as far as PLE was concerned.<\/p>\n<p>As a result of that symposium, we launched a special issue for the <strong>RED magazine &#8220;Revista de Educaci\u00f3n a Distancia&#8221; (Vol. 23 N\u00fam. 71 (2023) <a href=\"https:\/\/doi.org\/10.6018\/red\" target=\"_blank\" rel=\"noopener\">https:\/\/doi.org\/10.6018\/red<\/a>) ,<\/strong> which we titled like this post and which was published on January 1st, with the new year, and of which I leave you the list of contents below:<\/p>\n<div class=\"section\">\n<h2>Articles<\/h2>\n<ul class=\"cmp_article_list articles\">\n<li>\n<div class=\"obj_article_summary\">\n<div class=\"editum_article_info\">\n<div>SPECIAL ISSUE PRESENTATION<\/div>\n<div class=\"title\"><a href=\"https:\/\/revistas.um.es\/red\/article\/view\/551851\">Personal Learning Environments: Challenging the networked ecosystems with people agency<\/a><\/div>\n<div class=\"meta\">\n<div class=\"authors\">Linda Casta\u00f1eda, Graham Attwell, Nada Dabbagh<\/div>\n<\/div>\n<\/div>\n<div class=\"editum_article_galleys\"><\/div>\n<\/div>\n<\/li>\n<li>\n<div class=\"obj_article_summary\">\n<div class=\"editum_article_info\">\n<div class=\"title\"><a href=\"https:\/\/revistas.um.es\/red\/article\/view\/526911\">Personal Learning Environments: looking back and looking forward PLEs: looking back and looking forward<\/a><\/div>\n<div class=\"meta\">\n<div class=\"authors\">Graham Attwell<\/div>\n<\/div>\n<\/div>\n<div class=\"editum_article_galleys\"><\/div>\n<\/div>\n<\/li>\n<li>\n<div class=\"obj_article_summary\">\n<div class=\"editum_article_info\">\n<div class=\"title\"><a href=\"https:\/\/revistas.um.es\/red\/article\/view\/526541\">Academic tasks for fostering the PLE in Higher Education<span class=\"subtitle\">International Insights on Learning Design and Agency<\/span><\/a><\/div>\n<div class=\"meta\">\n<div class=\"authors\">Linda Casta\u00f1eda, Victoria I. Mar\u00edn, Patr\u00edcia Scherer Bassani, Araceli Camacho, Ximena Forero, Lucila P\u00e9rez<\/div>\n<\/div>\n<\/div>\n<\/div>\n<\/li>\n<li>\n<div class=\"obj_article_summary\">\n<p><a href=\"https:\/\/revistas.um.es\/red\/article\/view\/526831\">Metacognitive skills and emotions in the construction of Personal Learning Environments<\/a><br \/>\nUrith Ram\u00edrez-Mera, Gemma Tur<\/p>\n<\/div>\n<\/li>\n<li>\n<div class=\"obj_article_summary\">\n<p><a href=\"https:\/\/revistas.um.es\/red\/article\/view\/526311\">Exploring the effect of social media in personal learning environments in the university settings: scenarios, good practices, and challenges<\/a><br \/>\nRaquel Gil Fern\u00e1ndez, Diego Calder\u00f3n Garrido, Carolina Mart\u00edn Pi\u00f1ol<\/p>\n<\/div>\n<\/li>\n<li>\n<div class=\"obj_article_summary\">\n<p><a href=\"https:\/\/revistas.um.es\/red\/article\/view\/526001\">Converging Lenses: PLE diagrams, PKM Workflows and Scholarly Ontologies<\/a><br \/>\nMichael Cosgrave<\/p>\n<\/div>\n<\/li>\n<li>\n<div class=\"obj_article_summary\">\n<p><a href=\"https:\/\/revistas.um.es\/red\/article\/view\/526761\">Reconfiguring Personal Learning Environments in Higher Education<\/a><br \/>\nCristhian Elizabeth Fuentes Rodr\u00edguez<\/p>\n<\/div>\n<\/li>\n<li>\n<div class=\"obj_article_summary\">\n<p><a href=\"https:\/\/revistas.um.es\/red\/article\/view\/512111\">Development and Validation of a PLE Scale from the Learner and Learning Perspective in Tertiary Education<\/a><br \/>\nXiaoShu Xu, Yunfeng Zhang, Kexin Zhong, Vivian Ngan-Lin Lei, Jia Liu<\/p>\n<\/div>\n<\/li>\n<li>\n<div class=\"obj_article_summary\">\n<p><a href=\"https:\/\/revistas.um.es\/red\/article\/view\/526711\">Assessing the presence of the \u2018Personal Learning Environment\u2019 concept across the web domains of Spanish Higher Education institutions: a web mention study<\/a><br \/>\nJonatan Casta\u00f1o Mu\u00f1oz, Daniel Villar-Onrubia<\/p>\n<\/div>\n<\/li>\n<li>\n<div class=\"obj_article_summary\">\n<p><a href=\"https:\/\/revistas.um.es\/red\/article\/view\/526851\">Personal Learning Environments as socio-technical systems: does decentralised data finally give us the right balance?<\/a><br \/>\nKamakshi Rajagopal<\/p>\n<\/div>\n<\/li>\n<\/ul>\n<\/div>\n<div class=\"section\">\n<p>I would highlight that new names and areas of PLE research appear in the issue articles. Also,\u00a0 some of the articles &#8220;listen&#8221; to what we said at the symposium, that some melons are opened, that there is variety in the discourse, but that we always, always talk about PLE, not personalisation, but about making learning more personal.<\/p>\n<p>I hope you will be interested enough to read some of the articles and find them interesting and thought-provoking enough to comment on them and continue the conversation.<\/p>\n<p>I want to thank my colleagues Graham and Nada, my gang in this effort as Guest Editors, the authorship teams who have participated, the people who sent in their proposals and who &#8211; for whatever reason &#8211; could not be included in the issue, the people who helped us by reviewing the articles and, of course, the journal&#8217;s team who altruistically maintain this channel of disseminating research. Without all of you, this would not be possible. Thank you.<\/p>\n<p>Now, let&#8217;s read!<\/p>\n<\/div>\n<p><\/p>","protected":false},"excerpt":{"rendered":"<p>Just over a year ago, we held a symposium in which we analysed where we were on issues related to Personal Learning Environments (PLE), yes, we were not talking about personalisation, nor about adaptive learning, but about PLE, that elusive concept that we have been talking about for over 15 years but which, being little <a class=\"read-more\" href=\"https:\/\/www.lindacastaneda.com\/en\/mushware\/ple2023specialissue\/\">Read More<\/a><\/p>\n","protected":false},"author":1,"featured_media":0,"comment_status":"open","ping_status":"open","sticky":false,"template":"","format":"standard","meta":{"om_disable_all_campaigns":false,"_monsterinsights_skip_tracking":false,"_monsterinsights_sitenote_active":false,"_monsterinsights_sitenote_note":"","_monsterinsights_sitenote_category":0,"_vp_format_video_url":"","_vp_image_focal_point":[],"footnotes":""},"categories":[17,19,26],"tags":[],"class_list":["post-2090","post","type-post","status-publish","format-standard","hentry","category-novedades","category-ple","category-trabajo-en-equipo"],"_links":{"self":[{"href":"https:\/\/www.lindacastaneda.com\/en\/wp-json\/wp\/v2\/posts\/2090","targetHints":{"allow":["GET"]}}],"collection":[{"href":"https:\/\/www.lindacastaneda.com\/en\/wp-json\/wp\/v2\/posts"}],"about":[{"href":"https:\/\/www.lindacastaneda.com\/en\/wp-json\/wp\/v2\/types\/post"}],"author":[{"embeddable":true,"href":"https:\/\/www.lindacastaneda.com\/en\/wp-json\/wp\/v2\/users\/1"}],"replies":[{"embeddable":true,"href":"https:\/\/www.lindacastaneda.com\/en\/wp-json\/wp\/v2\/comments?post=2090"}],"version-history":[{"count":1,"href":"https:\/\/www.lindacastaneda.com\/en\/wp-json\/wp\/v2\/posts\/2090\/revisions"}],"predecessor-version":[{"id":2091,"href":"https:\/\/www.lindacastaneda.com\/en\/wp-json\/wp\/v2\/posts\/2090\/revisions\/2091"}],"wp:attachment":[{"href":"https:\/\/www.lindacastaneda.com\/en\/wp-json\/wp\/v2\/media?parent=2090"}],"wp:term":[{"taxonomy":"category","embeddable":true,"href":"https:\/\/www.lindacastaneda.com\/en\/wp-json\/wp\/v2\/categories?post=2090"},{"taxonomy":"post_tag","embeddable":true,"href":"https:\/\/www.lindacastaneda.com\/en\/wp-json\/wp\/v2\/tags?post=2090"}],"curies":[{"name":"wp","href":"https:\/\/api.w.org\/{rel}","templated":true}]}}