{"id":176,"date":"2012-04-07T10:39:20","date_gmt":"2012-04-07T10:39:20","guid":{"rendered":"https:\/\/lindacastaneda.com\/?p=176"},"modified":"2012-04-07T10:39:20","modified_gmt":"2012-04-07T10:39:20","slug":"darksidetextbooks","status":"publish","type":"post","link":"https:\/\/www.lindacastaneda.com\/en\/mushware\/darksidetextbooks\/","title":{"rendered":"The Darkside of TextBooks"},"content":{"rendered":"<p>Ser profesor tiene una carga \u00e9tica y pol\u00edtica innegable e ineludible. Cuando empec\u00e9 a estudiar pedagog\u00eda cre\u00eda que esa carga era eso, una carga, y por lo mismo supon\u00eda un fastidio y una parte que deb\u00eda ser eludida en la medida de las posibilidades de los docentes.<br \/>\nPero conforme he ido estudiando \u2013o bebi\u00e9ndome- la carrera \u2013y encontr\u00e1ndome con diversos profesores- me di cuenta que la carga en cuesti\u00f3n, era adem\u00e1s de una carga , una responsabilidad. Que la educaci\u00f3n no pretende un ciudadano cualquiera, que el modelo de formaci\u00f3n y facilitaci\u00f3n del pensamiento, no responde a un planteamiento vital neutro. Nada es neutro. Por el contrario, ense\u00f1ar a alguien, hacer parte de su proceso educativo tiene impl\u00edcitas una serie de creencias sobre lo que significa ser un \u201cbuen\u201d \u201calguien\u201d (ll\u00e1malo persona, pedagogo,  profesor, m\u00e9dico), y que esa \u201cbondad\u201d sobrepasa con creces los l\u00edmites de lo cient\u00edficamente relevante \u2013o aceptable-. Que se complementa con una visi\u00f3n \u00e9tica determinada del resultado  y de c\u00f3mo ese resultado deber\u00eda ser (lo que mi amigo <a href=\"http:\/\/twitter.com\/francescllorens\">@FrancescLlorens<\/a> en el twitter acaba de llamar Contexto de Justificaci\u00f3n que condiciona el Contexto de ense\u00f1anza).<br \/>\nSeguramente ser\u00eda el equivalente de las competencias \u00e9ticas de la que <a href=\"http:\/\/lindacastaneda.com\/mushware\/\/\/index.php\/escudero2008\">habla Escudero en su discurso sobre competencias<\/a>, y que, seg\u00fan \u00e9l mismo, hacen parte indefectible de las competencias sist\u00e9micas.<br \/>\nPues bien, yo tengo una visi\u00f3n de lo que es la educaci\u00f3n que prefiero, de lo que significa la escuela y la educaci\u00f3n para el futuro de las personas como seres libres y de la incre\u00edble relevancia de la escuela p\u00fablica en la vida de las personas. Y, en consecuencia, soy abiertamente (creedme, despu\u00e9s de un largo camino hasta aqu\u00ed, no olvid\u00e9is que yo no soy \u201cnativa\u201d de la escuela p\u00fablica), un elemento defensor de la escuela p\u00fablica, de la educaci\u00f3n como elemento emancipador de las personas, de la ense\u00f1anza responsable y liberadora. De lo que \u2013como tambi\u00e9n Escudero lo dir\u00eda- un curriculum<strong> \u201cdemocr\u00e1tico y emancipador\u201d<\/strong>.<br \/>\n<em>Por ello he decidido que mis clases no sean \u201cneutras\u201d, o mejor, que sean abiertamente parciales, y decididamente que defiendan una forma concreta de ense\u00f1ar, un modo concreto de entender la escuela y el papel de las personas y las tecnolog\u00edas en ella. Si, abiertamente acepto que no me vale una posici\u00f3n cualquiera, que no vale s\u00f3lo con la buena voluntad \u2013aunque es imprescindible-, que hay un compromiso profesional que debe asumirse detr\u00e1s.<\/em><br \/>\nEn consecuencia, algunas de las actividades (por no decir muchas) que planteamos en clase tienen un claro sesgo \u201cideol\u00f3gico\u201d y, en parte justificada en la falta de tiempo que nos circunda, no exploran TODAS las posibles visiones sobre un tema, s\u00f3lo una (y est\u00e1 hecho a conciencia). Mea Culpa.<br \/>\nPor ejemplo, este a\u00f1o con mis alumnos de #SOyER1112, NO hemos abordado el tema de \u201cLos libros de texto en el aula de primaria\u201d, hemos realizado una campa\u00f1a llamada<em> <strong>\u201cThe Dark Side of TextBooks\u201d <\/strong><\/em>(el t\u00edtulo es expresivo ;)).<br \/>\nLes he pedido a mis estudiantes que por grupos abordasen una serie de lecturas:<\/p>\n<li>Como b\u00e1sica, la <a href=\"http:\/\/en.wikipedia.org\/wiki\/Textbook \">entrada sobre libros de texto <\/a>de la Wikipedia en ingl\u00e9s incluyendo todos los materiales a los que refiere,\n<\/li>\n<p> un par de textos sobre libros de texto<\/p>\n<li>Apple, M. (2000) Cultural politics and the text. Official Knowledge, 2nd edn (2000), London: Routledge, pp. 42\u201360<\/li>\n<li>Crawford, K. (2000). Researching the Ideological and Political Role of the History Textbook:  Issues and Methods. International Journal of Historical Learning Teaching and Research 1, 1<\/li>\n<p> y dos entradas del <a href=\"http:\/\/elbonia.cent.uji.es\/jordi\/\">Blog de Jordi Adell<\/a> <a href=\"http:\/\/twitter.com\/jordi_a\">@jordi_a <\/a>(incluyendo las referencias que se hacen en ellas):<\/p>\n<li><a href=\"http:\/\/elbonia.cent.uji.es\/jordi\/2012\/03\/04\/libros-de-texto-electronicos-peras-al-olmo\/\">Libros de Texto electr\u00f3nicos: Peras al Olmo<\/a><\/li>\n<li><a href=\"http:\/\/elbonia.cent.uji.es\/jordi\/2011\/07\/18\/lecturas-sobre-libros-de-texto\/\">Lecturas sobre libros de Texto<\/a><\/li>\n<p>Con ellos, cada grupo pod\u00eda decidir entre hacer: o bien un c\u00f3mic, o una f\u00e1bula , o una l\u00ednea de tiempo de Twitter(influencia #eabe12), o un discurso televisado, o una serie de anuncios de televisi\u00f3n (m\u00ednimo 3). Todo con licencia Creative Commons y siempre en ingl\u00e9s y en castellano.<br \/>\nPues bien, qu\u00e9 quer\u00e9is que os diga, que soy fan de algunos de mis alumnos \ud83d\ude42 y que el trabajo ha dado grandes momentos. Veamos algunos:<\/p>\n<p>El grupo <a href=\"http:\/\/nevertoolatedplpa.blogspot.com.es\">Never Too Late <\/a> hizo la serie de anuncios,  pero destacar\u00eda este:<br \/>\n<iframe loading=\"lazy\" width=\"560\" height=\"315\" src=\"http:\/\/www.youtube.com\/embed\/4kaGufrOdL4\" frameborder=\"0\" allowfullscreen><\/iframe><\/p>\n<p>Tambi\u00e9n hicieron anuncios que pod\u00e9is ver \u2013y usar- si os apetece:<\/p>\n<li><a href=\"http:\/\/hakunamatateros.blogspot.com.es\/2012\/03\/im-star-these-are-our-advertisements.html \">Los Hakunamatata<\/a> <\/li>\n<li><a href=\"http:\/\/elpensamientoajeno.blogspot.com.es\/2012\/04\/dark-side-of-textbooks.html\">Los Broken Dreams<\/a><\/li>\n<li><a href=\"http:\/\/iknowwhatyoudidinthelastblog.blogspot.com.es\/2012\/03\/hi-i-know-what-you-did-family-im.html\">I know what you did\u2026<\/a><\/li>\n<li>O usar la f\u00e1bula de<a href=\" http:\/\/thechalkdrivers.blogspot.com.es\/2012\/03\/star_26.html\"> The Chalk Drivers<\/a><\/li>\n<li>Y el discurso de<a href=\"http:\/\/camaleones-decolores.blogspot.com.es\/2012\/03\/blog-post.html\"> Las Camaleonas de Colores<\/a><\/li>\n<p> y de \u00e9ste \u00faltimo me gustar\u00eda quedarme con la parte final (en su versi\u00f3n en castellano) para cerrar este post:<\/p>\n<blockquote><p>\u201cLos libros de texto son capaces de determinar una \u00fanica manera de entender el proceso ense\u00f1anza y aprendizaje. Entonces las nuevas generaciones de profesores no son capaces de concebir una manera de ense\u00f1anza sin libros de texto y ellos los conciben como una necesidad.<\/p>\n<p>En conclusi\u00f3n y tras reflexionar sobre este tema, puedo afirmar:<br \/>\n S\u00ed, \u00a1imagino una educaci\u00f3n sin libro de texto!<br \/>\nY como herramienta alternativa sugiero dejar los libros de texto a un lado y usar las TIC para preparar sus clases para as\u00ed usar vuestra imaginaci\u00f3n y vuestra experiencia para conseguir que los ni\u00f1os tengan deseos de la curiosidad y el aprendizaje\u201d<\/p><\/blockquote>\n<p>Ya veis\u2026 seguro que a alguien (o a m\u00e1s de uno) le parece que hago proselitismo\u2026 pues s\u00ed, lo hago, decididamente hago proselitismo\u2026 \u00bfy es malo? No lo s\u00e9\u2026 yo creo que no\u2026 pero bueno,  si lo es, al menos el consuelo es que est\u00e1n en primero de carrera y tendr\u00e1n 3 a\u00f1os m\u00e1s para convencerles de lo contrario\u2026 \u00bfo esa es la pena?<\/p>\n<p>Hay m\u00e1s cosas, jeje, pero tampoco es plan de decirlo todo \ud83d\ude09 al menos no hoy \ud83d\ude42<\/p>\n<p>Buenos d\u00edas.<\/p>\n","protected":false},"excerpt":{"rendered":"<p>Ser profesor tiene una carga \u00e9tica y pol\u00edtica innegable e ineludible. Cuando empec\u00e9 a estudiar pedagog\u00eda cre\u00eda que esa carga era eso, una carga, y por lo mismo supon\u00eda un fastidio y una parte que deb\u00eda ser eludida en la medida de las posibilidades de los docentes. Pero conforme he ido estudiando \u2013o bebi\u00e9ndome- la <a class=\"read-more\" href=\"https:\/\/www.lindacastaneda.com\/en\/mushware\/darksidetextbooks\/\">Read More<\/a><\/p>\n","protected":false},"author":1,"featured_media":0,"comment_status":"open","ping_status":"open","sticky":false,"template":"","format":"standard","meta":{"om_disable_all_campaigns":false,"_monsterinsights_skip_tracking":false,"_monsterinsights_sitenote_active":false,"_monsterinsights_sitenote_note":"","_monsterinsights_sitenote_category":0,"_vp_format_video_url":"","_vp_image_focal_point":[],"footnotes":""},"categories":[5],"tags":[],"class_list":["post-176","post","type-post","status-publish","format-standard","hentry","category-colaboracion"],"_links":{"self":[{"href":"https:\/\/www.lindacastaneda.com\/en\/wp-json\/wp\/v2\/posts\/176","targetHints":{"allow":["GET"]}}],"collection":[{"href":"https:\/\/www.lindacastaneda.com\/en\/wp-json\/wp\/v2\/posts"}],"about":[{"href":"https:\/\/www.lindacastaneda.com\/en\/wp-json\/wp\/v2\/types\/post"}],"author":[{"embeddable":true,"href":"https:\/\/www.lindacastaneda.com\/en\/wp-json\/wp\/v2\/users\/1"}],"replies":[{"embeddable":true,"href":"https:\/\/www.lindacastaneda.com\/en\/wp-json\/wp\/v2\/comments?post=176"}],"version-history":[{"count":0,"href":"https:\/\/www.lindacastaneda.com\/en\/wp-json\/wp\/v2\/posts\/176\/revisions"}],"wp:attachment":[{"href":"https:\/\/www.lindacastaneda.com\/en\/wp-json\/wp\/v2\/media?parent=176"}],"wp:term":[{"taxonomy":"category","embeddable":true,"href":"https:\/\/www.lindacastaneda.com\/en\/wp-json\/wp\/v2\/categories?post=176"},{"taxonomy":"post_tag","embeddable":true,"href":"https:\/\/www.lindacastaneda.com\/en\/wp-json\/wp\/v2\/tags?post=176"}],"curies":[{"name":"wp","href":"https:\/\/api.w.org\/{rel}","templated":true}]}}