{"id":1455,"date":"2020-04-29T22:43:23","date_gmt":"2020-04-29T20:43:23","guid":{"rendered":"http:\/\/www.lindacastaneda.com\/?p=1455"},"modified":"2022-12-01T13:11:27","modified_gmt":"2022-12-01T12:11:27","slug":"mi-docencia-en-rict1920-durante-el-confinamiento-del-covid19","status":"publish","type":"post","link":"https:\/\/www.lindacastaneda.com\/en\/mushware\/mi-docencia-en-rict1920-durante-el-confinamiento-del-covid19\/","title":{"rendered":"My course during CoVid-19 crisis confinment"},"content":{"rendered":"<p><\/p>\n<p style=\"text-align: left;\">Since the beginning of the confinement as a consequence of the CoVid-19 global pandemic crisis (buff&#8230; written like this it is more noticeable how terrible what we are living through), I wanted to join other teachers who have already done it and tell you a little bit about what the change of situation has meant for my teaching. That&#8217;s why I made this video.<\/p>\n<p style=\"text-align: center;\"><iframe loading=\"lazy\" src=\"https:\/\/www.youtube.com\/embed\/leamOnNyu3E\" width=\"560\" height=\"315\" frameborder=\"0\" allowfullscreen=\"allowfullscreen\"><\/iframe><\/p>\n<p>Relatively recently I published an open article in which I try to explain in some detail how my usual teaching of the subject has continued during this time:<\/p>\n<p style=\"padding-left: 40px;\">Casta\u00f1eda, L. (2019) Formaci\u00f3n inicial del profesorado en el uso educativo de la tecnolog\u00eda, una propuesta curricular. Quaderns Digitals, 89. 1-49. <a href=\"http:\/\/www.quadernsdigitals.net\/index.php?accionMenu=hemeroteca.VisualizaArticuloIU.visualiza&amp;articulo_id=11517\">http:\/\/www.quadernsdigitals.net\/index.php?accionMenu=hemeroteca.VisualizaArticuloIU.visualiza&amp;articulo_id=11517<\/a><\/p>\n<p>I know everything is just in Spanish, but if you can, try it.<\/p>\n<p>Although I said in the video that I was going to put the details of the exam here, I think I will make a specific post when I have received some feedback from my students, who I will present it to this week, but I will publish it, that&#8217;s for sure, and when I do this it will be in both languages, not in vain my course is actually taught in English,<\/p>\n<p>By the way, I took the opportunity to try the vertical format of the videos and I confess that I don&#8217;t like it, but well, it has been an experience.<\/p>\n<p>I appreciate any suggestion or comment you may want to make, as long as it is constructive, so I can learn more.<\/p>","protected":false},"excerpt":{"rendered":"<p>Since the beginning of the confinement as a consequence of the CoVid-19 global pandemic crisis (buff&#8230; written like this it is more noticeable how terrible what we are living through), I wanted to join other teachers who have already done it and tell you a little bit about what the change of situation has meant <a class=\"read-more\" href=\"https:\/\/www.lindacastaneda.com\/en\/mushware\/mi-docencia-en-rict1920-durante-el-confinamiento-del-covid19\/\">Read More<\/a><\/p>\n","protected":false},"author":1,"featured_media":0,"comment_status":"open","ping_status":"open","sticky":false,"template":"","format":"standard","meta":{"om_disable_all_campaigns":false,"_monsterinsights_skip_tracking":false,"_monsterinsights_sitenote_active":false,"_monsterinsights_sitenote_note":"","_monsterinsights_sitenote_category":0,"_vp_format_video_url":"","_vp_image_focal_point":[],"footnotes":""},"categories":[18,22],"tags":[54,142],"class_list":["post-1455","post","type-post","status-publish","format-standard","hentry","category-pedagogia","category-reflexiones","tag-covid19","tag-rict1920"],"_links":{"self":[{"href":"https:\/\/www.lindacastaneda.com\/en\/wp-json\/wp\/v2\/posts\/1455","targetHints":{"allow":["GET"]}}],"collection":[{"href":"https:\/\/www.lindacastaneda.com\/en\/wp-json\/wp\/v2\/posts"}],"about":[{"href":"https:\/\/www.lindacastaneda.com\/en\/wp-json\/wp\/v2\/types\/post"}],"author":[{"embeddable":true,"href":"https:\/\/www.lindacastaneda.com\/en\/wp-json\/wp\/v2\/users\/1"}],"replies":[{"embeddable":true,"href":"https:\/\/www.lindacastaneda.com\/en\/wp-json\/wp\/v2\/comments?post=1455"}],"version-history":[{"count":1,"href":"https:\/\/www.lindacastaneda.com\/en\/wp-json\/wp\/v2\/posts\/1455\/revisions"}],"predecessor-version":[{"id":2073,"href":"https:\/\/www.lindacastaneda.com\/en\/wp-json\/wp\/v2\/posts\/1455\/revisions\/2073"}],"wp:attachment":[{"href":"https:\/\/www.lindacastaneda.com\/en\/wp-json\/wp\/v2\/media?parent=1455"}],"wp:term":[{"taxonomy":"category","embeddable":true,"href":"https:\/\/www.lindacastaneda.com\/en\/wp-json\/wp\/v2\/categories?post=1455"},{"taxonomy":"post_tag","embeddable":true,"href":"https:\/\/www.lindacastaneda.com\/en\/wp-json\/wp\/v2\/tags?post=1455"}],"curies":[{"name":"wp","href":"https:\/\/api.w.org\/{rel}","templated":true}]}}