{"id":142,"date":"2010-11-07T13:22:59","date_gmt":"2010-11-07T13:22:59","guid":{"rendered":"https:\/\/lindacastaneda.com\/?p=142"},"modified":"2010-11-07T13:22:59","modified_gmt":"2010-11-07T13:22:59","slug":"edutec11porque","status":"publish","type":"post","link":"https:\/\/www.lindacastaneda.com\/en\/mushware\/edutec11porque\/","title":{"rendered":"EDUTEC 2010: de por qu\u00e9 voy y qu\u00e9 se me pierde all\u00ed :-)"},"content":{"rendered":"<p>Acabo de venir del <a href=\"http:\/\/www.edutec2010.com\">congreso Internacional de EDUTEC<\/a> de este a\u00f1o que, bajo el t\u00edtulo: \u201c<strong>E-Learning 2.0. Ense\u00f1ar y Aprender en la Sociedad del Conocimiento<\/strong>\u201d, se ha llevado a cabo en Bilbao, organizado por un gran equipo de buena gente de la UPV-EHU. Para ser m\u00e1s precisa, se trata del <strong>XIII Congreso Internacional de Tecnolog\u00eda  Educativa y Nuevas Tecnolog\u00edas en la Educaci\u00f3n<\/strong>\u2026 y me gusta esa distinci\u00f3n porque, teniendo en cuenta que s\u00f3lo hace 7 a\u00f1os que se empez\u00f3 a hacer cada a\u00f1o, eso hace que hablemos de un congreso de Tecnolog\u00eda Educativa que tiene 17 a\u00f1os de historia (desde el primero en Badajoz, all\u00e1 por 1993), un congreso que habla de integraci\u00f3n de Tecnolog\u00edas en la Educaci\u00f3n y que re\u00fane desde mucho antes de que habl\u00e1ramos de la Web, o menos a\u00fan, empez\u00e1ramos con historias 1.0, 2.0 o 10.5 ;-).<br \/>\n<br \/>\nComo sab\u00e9is, yo no llevo mucho en esto (ni en casi nada), el primer EDUTEC al que asist\u00ed fue el de <a href=\"http:\/\/www.lmi.ub.es\/edutec2004\/\">2004 en Barcelona<\/a> y desde entonces no me he perdido ninguno. Eso responde, en gran parte, a que la <a href=\"http:\/\/www.edutec.es\">Asociaci\u00f3n EDUTEC<\/a> es como mi gran familia en t\u00e9rminos \u201ccient\u00edficos\u201d o \u201cacad\u00e9micos\u201d. A ver si me explico: yo soy miembro del <a href=\"http:\/\/www.um.es\/gite\">Grupo de Investigaci\u00f3n de Tecnolog\u00eda Educativa (el GITE)<\/a> de la Universidad de Murcia, fundado por Francisco Mart\u00ednez S\u00e1nchez y presidido por M\u00aa Paz Prendes, quienes son adem\u00e1s fundador-presidente y secretaria \u2013respectivamente- de esa asociaci\u00f3n; pero adem\u00e1s a esa asociaci\u00f3n pertenece gran parte de los autores m\u00e1s relevantes que investigan desde la universidad sobre Tecnolog\u00eda Educativa (especialmente en el \u00e1mbito iberoamericano) y a los que he le\u00eddo desde que empec\u00e9. Por lo mismo sigo a muchos de los miembros de la asociaci\u00f3n desde siempre y yo misma tengo el honor de ser miembro de EDUTEC. As\u00ed que el congreso de EDUTEC es para m\u00ed una oportunidad de ver a los miembros  de esa asociaci\u00f3n, gente a la que respeto, admiro y de la que en muchos casos tengo la oportunidad de compartir trabajo \u2013mucho- y, en muchos casos, amistad. Por eso hago lo que puedo por ir todos los a\u00f1os y de empaparme de \u00e9l desde que empieza hasta que se cierra (aunque eso incluya casi siempre dejarme la voz por alg\u00fan rinc\u00f3n).<br \/>\nPero como siempre, lo mejor de los congresos no lo deja \u201clo oficial\u201d, eso lo ves en los v\u00eddeos y lo lees en las actas\u2026 lo que hace la experiencia de aprendizaje de un congreso completa es lo que se discute, critica, comenta y revela en los pasillos, en el backchannel, en las cenas y dem\u00e1s\u2026<br \/>\nEste a\u00f1o mi experiencia del EDUTEC me deja muchas cosas buenas, como siempre, muchas preguntas por hacer (planteadas por m\u00ed o por otros) y algunas cr\u00edticas por enunciar y aplicar(me). Intentar\u00e9 desglosarlo aunque sea en los dos polos maniqueistas que tanto critico\u2026 lo mejor y lo menos bueno \ud83d\ude42<br \/>\nSi quer\u00e9is saber qu\u00e9 anduvimos viendo, en t\u00e9rminos oficiales, os aconsejo ech\u00e9is un vistazo al twitter (HT #edutec10 y #edutec2010) \u2013aunque \u00e9ramos pocos twiteros :-(- o a las cr\u00f3nicas que la asociaci\u00f3n ha compartido con nosotros de cada uno de los d\u00edas<\/p>\n<li><a href=\"http:\/\/gte2.uib.es\/edutec_blog\/?p=82\">Cr\u00f3nica d\u00eda 1. En el Blog de EDUTEC<\/a>\n<\/li>\n<li><a href=\"http:\/\/gte2.uib.es\/edutec_blog\/?p=89\">Cr\u00f3nica d\u00eda 2. En el Blog de EDUTEC<\/a><\/li>\n<li><a href=\"http:\/\/gte2.uib.es\/edutec_blog\/?p=94\">Cr\u00f3nica d\u00eda 3. En el Blog de EDUTEC<\/a><\/li>\n<p>Ahora, si quer\u00e9is saber c\u00f3mo lo he vivido yo&#8230; seguid leyendo \ud83d\ude09<\/p>\n","protected":false},"excerpt":{"rendered":"<p>Acabo de venir del congreso Internacional de EDUTEC de este a\u00f1o que, bajo el t\u00edtulo: \u201cE-Learning 2.0. Ense\u00f1ar y Aprender en la Sociedad del Conocimiento\u201d, se ha llevado a cabo en Bilbao, organizado por un gran equipo de buena gente de la UPV-EHU. Para ser m\u00e1s precisa, se trata del XIII Congreso Internacional de Tecnolog\u00eda <a class=\"read-more\" href=\"https:\/\/www.lindacastaneda.com\/en\/mushware\/edutec11porque\/\">Read More<\/a><\/p>\n","protected":false},"author":1,"featured_media":0,"comment_status":"open","ping_status":"open","sticky":false,"template":"","format":"standard","meta":{"om_disable_all_campaigns":false,"_monsterinsights_skip_tracking":false,"_monsterinsights_sitenote_active":false,"_monsterinsights_sitenote_note":"","_monsterinsights_sitenote_category":0,"episode_type":"","audio_file":"","podmotor_file_id":"","podmotor_episode_id":"","cover_image":"","cover_image_id":"","duration":"","filesize":"","filesize_raw":"","date_recorded":"","explicit":"","block":"","itunes_episode_number":"","itunes_title":"","itunes_season_number":"","itunes_episode_type":"","_vp_format_video_url":"","_vp_image_focal_point":[],"footnotes":""},"categories":[3],"tags":[168],"class_list":["post-142","post","type-post","status-publish","format-standard","hentry","category-blog","tag-web"],"_links":{"self":[{"href":"https:\/\/www.lindacastaneda.com\/en\/wp-json\/wp\/v2\/posts\/142","targetHints":{"allow":["GET"]}}],"collection":[{"href":"https:\/\/www.lindacastaneda.com\/en\/wp-json\/wp\/v2\/posts"}],"about":[{"href":"https:\/\/www.lindacastaneda.com\/en\/wp-json\/wp\/v2\/types\/post"}],"author":[{"embeddable":true,"href":"https:\/\/www.lindacastaneda.com\/en\/wp-json\/wp\/v2\/users\/1"}],"replies":[{"embeddable":true,"href":"https:\/\/www.lindacastaneda.com\/en\/wp-json\/wp\/v2\/comments?post=142"}],"version-history":[{"count":0,"href":"https:\/\/www.lindacastaneda.com\/en\/wp-json\/wp\/v2\/posts\/142\/revisions"}],"wp:attachment":[{"href":"https:\/\/www.lindacastaneda.com\/en\/wp-json\/wp\/v2\/media?parent=142"}],"wp:term":[{"taxonomy":"category","embeddable":true,"href":"https:\/\/www.lindacastaneda.com\/en\/wp-json\/wp\/v2\/categories?post=142"},{"taxonomy":"post_tag","embeddable":true,"href":"https:\/\/www.lindacastaneda.com\/en\/wp-json\/wp\/v2\/tags?post=142"}],"curies":[{"name":"wp","href":"https:\/\/api.w.org\/{rel}","templated":true}]}}