{"id":123,"date":"2010-02-22T19:57:24","date_gmt":"2010-02-22T19:57:24","guid":{"rendered":"https:\/\/lindacastaneda.com\/?p=123"},"modified":"2010-02-22T19:57:24","modified_gmt":"2010-02-22T19:57:24","slug":"inos-vemos-en-la-ple-conference","status":"publish","type":"post","link":"https:\/\/www.lindacastaneda.com\/en\/mushware\/inos-vemos-en-la-ple-conference\/","title":{"rendered":"\u00bfNos vemos en la  PLE Conference?"},"content":{"rendered":"<p>El pr\u00f3ximo mes de julio (8 y 9, aunque el evento del d\u00eda 7 noche no hay que perd\u00e9rselo :-)) se llevar\u00e1 a cabo en Barcelona el primer congreso Internacional dedicado a los Entornos Personalizados de Aprendizaje, o lo que es lo mismo <a href=\"http:\/\/pleconference.citilab.eu\/\">la PLE Conference 2010.<\/a><\/p>\n<p>Se trata de un espacio para el intercambio sobre los Entornos Personalizados de Aprendizaje y su incidencia en todos los aspectos  de la educaci\u00f3n, desde la concepci\u00f3n misma que contiene de la educaci\u00f3n, pasando por aspectos did\u00e1cticos, hasta los aspectos t\u00e9cnicos e incluso aquellos de cacharreos varios.<\/p>\n<p>Confieso que es un congreso que me entusiasma, y me entusiasma por varias razones: en parte por la gente que est\u00e1 implicada en \u00e9l, la lista de comit\u00e9s <a href=\"http:\/\/pleconference.citilab.eu\/?page_id=14\">organizativo<\/a>, <a href=\"http:\/\/pleconference.citilab.eu\/cas\/?page_id=52\">cient\u00edfico<\/a> y de ponentes (<a href=\"http:\/\/couros.ca\">Alec Couros<\/a>, <a href=\"http:\/\/elbonia.cent.uji.es\/jordi\">Jordi Adell<\/a> e <a href=\"http:\/\/ictlogy.net\/\">Ismael Pe\u00f1a-L\u00f3pez<\/a>) es \u2013adem\u00e1s de bien conocida- super-interesante. En parte tambi\u00e9n porque se toca un tema que, desde mi punto de vista, a\u00fana en torno al avance de un tipo de tecnolog\u00edas muchas de las expectativas que la educaci\u00f3n ha tenido en el \u00faltimo siglo y medio y que no tienen que ver con cacharros, tienen que ver con personalizaci\u00f3n, autonom\u00eda, aprendizaje permanente, colaboraci\u00f3n, y un largo etc. del que ya se hablaba en el Siglo XIX pero que ahora se hace imprescindible. Adem\u00e1s, me encanta que, aunque se hace una <a href=\"http:\/\/pleconference.citilab.eu\/cas\/?page_id=8\">convocatoria de comunicaciones tradicional<\/a>, se abre a propuestas variadas de presentaci\u00f3n que dinamicen ese espacio y no sea s\u00f3lo un sitio de ir contar tu rollo, coger el certificado e irte. Y evidentemente, me gusta porque lo organiza el Citilab de Cornell\u00e1 de la mano de <a href=\"http:\/\/twitter.com\/torresk\">Ricardo Torres<\/a>, una de esas personitas que he conocido por esos mundos  y que me parece -adem\u00e1s de encantador- tremendamente interesante por todo lo que hace.<\/p>\n<p>Pero hay un aspecto que me gusta especialmente de la pr\u00f3xima PLE Conference, el hecho de que \u2013a pesar de ser un congreso internacional en ingl\u00e9s- no obvie todo lo que no es en ingl\u00e9s y abra este a\u00f1o una l\u00ednea REAL en castellano. Eso no implica solamente que se vaya a traducir las ponencias del ingl\u00e9s al castellano, sino adem\u00e1s que alguna de las ponencias ser\u00e1 en castellano y se traducir\u00e1 al ingl\u00e9s e incluso que la <a href=\"http:\/\/pleconference.citilab.eu\/cas\/\">l\u00ednea en castellano<\/a> se intentar\u00e1 que est\u00e9 abierta a los angloparlantes\u2026 es decir, que lo que no es en ingl\u00e9s tambi\u00e9n cobra importancia. Se da la situaci\u00f3n, y los que nos hemos movido m\u00e1s o menos fuera en \u00e1mbitos internacionales donde no se habla castellano lo hemos vivido, en que casi siempre los castellanoparlantes accedemos a las ponencias en ingl\u00e9s, pero los que hablan ingl\u00e9s se pierden todo lo que decimos en castellano\u2026 y terminan a veces obviando\/ignorando lo que se dice. Por eso me parece una buena oportunidad para que realmente compartamos cosas interesantes que hacemos aqu\u00ed y all\u00ed\u2026 \u00bfy los dem\u00e1s idiomas? Esta vez es castellano\u2026 organizativamente la doble traducci\u00f3n es un esfuerzo bestial, pero se va a intentar, a lo mejor se convierte en costumbre y en futuros eventos se abren l\u00edneas de intercambio multiling\u00fces, aunque sea de dos en dos cada vez\u2026<\/p>\n<p><a href=\"http:\/\/pleconference.citilab.eu\/\"><img loading=\"lazy\" decoding=\"async\" src=\"http:\/\/farm5.static.flickr.com\/4066\/4379180291_3cd843926a_o.jpg\" align=\"centre\" width=\"250\" height=\"170\" alt=\"badgePLE_BCN\" \/><\/a><\/p>\n<p>Yo ir ir\u00e9 seguro -salvo fuerza mayor :-)-, Adem\u00e1s ando dando vueltas a mandar algo para contar al congreso, y ando tambi\u00e9n contactando con aquellos que tengan pensado ir y\/o mandar cosas, a ver si dinamizamos eso que llaman el \u201cSpanish strand\u201d organizando algo gracioso en torno a las comunicaciones que nos acepten o a grupos de discusi\u00f3n en castellano\u2026 o en los dos idiomas (ingl\u00e9s\/castellano)\u2026<\/p>\n<p>S\u00f3lo animaros a presentar cosillas\u2026 el plazo para enviar los res\u00famenes y las <a href=\"http:\/\/pleconference.citilab.eu\/?page_id=8\">propuestas de sesiones<\/a> es hasta el 26 de marzo&#8230; es decir, m\u00e1s de un mes&#8230; \u00a1\u00a1seguro que os da tiempo!!<\/p>\n<p>Qu\u00e9 me dec\u00eds: \u00bfNos vemos en Barcelona?<\/p>\n","protected":false},"excerpt":{"rendered":"<p>El pr\u00f3ximo mes de julio (8 y 9, aunque el evento del d\u00eda 7 noche no hay que perd\u00e9rselo :-)) se llevar\u00e1 a cabo en Barcelona el primer congreso Internacional dedicado a los Entornos Personalizados de Aprendizaje, o lo que es lo mismo la PLE Conference 2010. Se trata de un espacio para el intercambio <a class=\"read-more\" href=\"https:\/\/www.lindacastaneda.com\/en\/mushware\/inos-vemos-en-la-ple-conference\/\">Read More<\/a><\/p>\n","protected":false},"author":1,"featured_media":0,"comment_status":"open","ping_status":"open","sticky":false,"template":"","format":"standard","meta":{"om_disable_all_campaigns":false,"_monsterinsights_skip_tracking":false,"_monsterinsights_sitenote_active":false,"_monsterinsights_sitenote_note":"","_monsterinsights_sitenote_category":0,"episode_type":"","audio_file":"","podmotor_file_id":"","podmotor_episode_id":"","cover_image":"","cover_image_id":"","duration":"","filesize":"","filesize_raw":"","date_recorded":"","explicit":"","block":"","itunes_episode_number":"","itunes_title":"","itunes_season_number":"","itunes_episode_type":"","_vp_format_video_url":"","_vp_image_focal_point":[],"footnotes":""},"categories":[3],"tags":[],"class_list":["post-123","post","type-post","status-publish","format-standard","hentry","category-blog"],"_links":{"self":[{"href":"https:\/\/www.lindacastaneda.com\/en\/wp-json\/wp\/v2\/posts\/123","targetHints":{"allow":["GET"]}}],"collection":[{"href":"https:\/\/www.lindacastaneda.com\/en\/wp-json\/wp\/v2\/posts"}],"about":[{"href":"https:\/\/www.lindacastaneda.com\/en\/wp-json\/wp\/v2\/types\/post"}],"author":[{"embeddable":true,"href":"https:\/\/www.lindacastaneda.com\/en\/wp-json\/wp\/v2\/users\/1"}],"replies":[{"embeddable":true,"href":"https:\/\/www.lindacastaneda.com\/en\/wp-json\/wp\/v2\/comments?post=123"}],"version-history":[{"count":0,"href":"https:\/\/www.lindacastaneda.com\/en\/wp-json\/wp\/v2\/posts\/123\/revisions"}],"wp:attachment":[{"href":"https:\/\/www.lindacastaneda.com\/en\/wp-json\/wp\/v2\/media?parent=123"}],"wp:term":[{"taxonomy":"category","embeddable":true,"href":"https:\/\/www.lindacastaneda.com\/en\/wp-json\/wp\/v2\/categories?post=123"},{"taxonomy":"post_tag","embeddable":true,"href":"https:\/\/www.lindacastaneda.com\/en\/wp-json\/wp\/v2\/tags?post=123"}],"curies":[{"name":"wp","href":"https:\/\/api.w.org\/{rel}","templated":true}]}}