{"id":109,"date":"2009-07-08T09:34:09","date_gmt":"2009-07-08T09:34:09","guid":{"rendered":"https:\/\/lindacastaneda.com\/?p=109"},"modified":"2009-07-08T09:34:09","modified_gmt":"2009-07-08T09:34:09","slug":"viendo-innovar-als-novedors","status":"publish","type":"post","link":"https:\/\/www.lindacastaneda.com\/en\/mushware\/viendo-innovar-als-novedors\/","title":{"rendered":"Viendo Innovar als Novadors"},"content":{"rendered":"<p>Por las din\u00e1micas propias de la universidad y de la carrera universitaria (acreditaciones, valoraci\u00f3n de unos tipos de investigaci\u00f3n m\u00e1s que de otros, concepto de la calidad docente, etc.)., m\u00e1s de una vez tengo la impresi\u00f3n que de la escuela a la facultad de educaci\u00f3n hay un camino que recorremos pocos e infrecuentemente. Los de la escuela no saben lo que hacemos en la universidad y los de la universidad ignoramos muchas veces lo que hay en las aulas, y lo que es peor, a veces ni siquiera nos importa.<\/p>\n<p>Yo \u00faltimamente trato de tener un ojito puesto en algunas aulas gracias al twiter (creo que podemos denominarlo \u201cSan Twitter\u201d) que me ha regalado algunos lazos interesant\u00edsimos con profes de excepci\u00f3n de Murcia y de otras comunidades, pero sigo buscando eventos interesantes a los que pueda ir y en los que pueda ver de cerca y hablar a gusto con los maestros que hacen de las TIC en las aulas algo m\u00e1s que una parte del temario de la carrera o de los planes \u201cestrat\u00e9gicos\u201d de una u otra editorial administraci\u00f3n. Y un evento de esos lleg\u00f3. La semana pasada me escap\u00e9 a las <a href=\"http:\/\/www.novadors.org\/?page_id=284\">VI Jornadas del Foro de Novadors en Castell\u00f3n<\/a> y ha sido estupendo.<\/p>\n<p>Desde que estuve de estancia en el <a href=\"http:\/\/cent.uji.es\/pub\/\">CENT de la UJI<\/a>, hab\u00eda o\u00eddo hablar mil veces de Novadors y de los Novadors; conoc\u00eda alguno en presencial (con Ana Ovando hab\u00edamos coincidido viendo a Fernando Garc\u00eda P\u00e1ez en la UJI), otros de o\u00eddas, y alguno del twitter,  y hab\u00eda o\u00eddo siempre eso de \u201cte encantar\u00edan\u201d y, como casi siempre, quien me lo dijo acert\u00f3, me encantaron. Son profes en todo el estupendo sentido de esa palabra, gente que derrocha pasi\u00f3n por la educaci\u00f3n, gente que entiende que ense\u00f1ar no es una obligaci\u00f3n laboral solamente, sino que es un compromiso social y moral que asume alguien cuando decide ser docente, y gente que anda en esto de la tecnolog\u00eda desde hace tiempo y que no le tiene miedo porque cree sinceramente que debe hacer todo lo que est\u00e9 en su mano (y si no est\u00e1 en su mano busca m\u00e1s manos que le ayuden)  para mejorar la educaci\u00f3n, para hacerla buena.<\/p>\n<p>Andaba de lurker, oyendo y viendo\u2026 dejando que me ense\u00f1aran; tuve ocasi\u00f3n de ver y o\u00edr proyectos grandes, chicos, modestos, ambiciosos, de un aula, de una comunidad, nacionales, internacionales, con financiaci\u00f3n, sin ella. Estuve en las ponencias plenarias en las que se abri\u00f3 con una perspectiva del aula con tecnolog\u00eda, a cargo de Fernando Garc\u00eda P\u00e1ez, y se cerr\u00f3 con una visi\u00f3n de desarrollo tecnol\u00f3gico, a cargo de Dolors Reig. Me mord\u00ed la lengua en las mesas de discusi\u00f3n y en los debates \u201coficiales\u201d :-), no por nada, sino porque mi opini\u00f3n ya la conozco \u2013y os aseguro que no tiene mayor inter\u00e9s- y quer\u00eda o\u00edr la de los dem\u00e1s, la de los maestros.<\/p>\n<p>Ahora, en los foros \u201cno oficiales\u201d estuve hablando todo el rato (como siempre) de tecnolog\u00edas, de proyectos, de educaci\u00f3n, del futuro, del presente\u2026 , aunque me supo a poco  :-(\u2026  me falt\u00f3 tiempo, me faltaron horas y ojos, cada vez me faltan m\u00e1s.<br \/>\nConoc\u00ed en vivo y en directo a gente interesant\u00edsima y divertid\u00edsima (una combinaci\u00f3n irresistible) con la que espero que, adem\u00e1s de en el Twitter y en el friendfeed, nos veamos en presencial m\u00e1s veces y tengamos m\u00e1s tiempo de conversar: Francesc (Llorens, si el del <a href=\"http:\/\/www.novadors.org\/?page_id=255\">libro \u201cPostecnolog\u00eda\u201d, <\/a>y adem\u00e1s me lo regal\u00f3 firmado :-)), Ram\u00f3n, Ana, Toni, Palmira, Josep, Vicent, mejor Vicent(s) y Josep(s), Jarabo, Gracia, Adri\u00e1\u2026 uy, seguro que me olvido de nombres y gente\u2026 perdonad, tengo memoria de twit. Y anduve de <a href=\"http:\/\/www.flickr.com\/photos\/lindacastaneda\/3687153974\/in\/set-72157620799254931\/\">compa\u00f1era de Fernando Garc\u00eda P\u00e1ez<\/a>, ponente de excepci\u00f3n y compa\u00f1ero de jornadas de lujo, con quien sigo en deuda de conversaciones y m\u00e1s :-), como siempre \u00a1un placer!<\/p>\n<p>Y la guinda, volv\u00ed a ver a <a href=\"http:\/\/www.flickr.com\/photos\/lindacastaneda\/3216051372\/in\/set-72157612785724741\/\">mi gente del CENT <\/a>(cara de anuncio de turr\u00f3n de navidad), aunque fuese por unas horas y me siga sabiendo a poco: a Toni, a Carles, Luisito, Suso, a Puri, a Anica\u2026 Y lo mejor es que en esas horas, con las bromas, las risas, las miradas, el trato, sent\u00ed que no hab\u00edan pasado los meses y que estaba\u2026 eso, como en casa. Os echo de menos, aunque mi casa es Murcia y aqu\u00ed es donde quiero estar, os sigo echando de menos :-).<\/p>\n<p>Como siempre gracias a Jordi Adell (que tambi\u00e9n es de mi gente del CENT :-)), a quien ha sido tambi\u00e9n un enorme placer volver a tener cerca, por la invitaci\u00f3n y por el cari\u00f1o, ha sido estupendo \u00a1Mil gracias!<\/p>\n<p><object width=\"240\" height=\"180\"><param name=\"flashvars\" value=\"offsite=true&amp;lang=es-us&amp;page_show_url=%2Fsearch%2Fshow%2F%3Fq%3Dnovadors09%26z%3Dt&amp;page_show_back_url=%2Fsearch%2F%3Fq%3Dnovadors09%26z%3Dt&amp;method=flickr.photos.search&amp;api_params_str=&amp;api_text=novadors09&amp;api_tag_mode=bool&amp;api_media=all&amp;api_sort=relevance&amp;jump_to=&amp;start_index=0\" \/><param name=\"movie\" value=\"http:\/\/www.flickr.com\/apps\/slideshow\/show.swf?v=71649\" \/><param name=\"allowFullScreen\" value=\"true\" \/><embed type=\"application\/x-shockwave-flash\" src=\"http:\/\/www.flickr.com\/apps\/slideshow\/show.swf?v=71649\" allowFullScreen=\"true\" flashvars=\"offsite=true&amp;lang=es-us&amp;page_show_url=%2Fsearch%2Fshow%2F%3Fq%3Dnovadors09%26z%3Dt&amp;page_show_back_url=%2Fsearch%2F%3Fq%3Dnovadors09%26z%3Dt&amp;method=flickr.photos.search&amp;api_params_str=&amp;api_text=novadors09&amp;api_tag_mode=bool&amp;api_media=all&amp;api_sort=relevance&amp;jump_to=&amp;start_index=0\" width=\"240\" height=\"180\"><\/embed><\/object><\/p>\n","protected":false},"excerpt":{"rendered":"<p>Por las din\u00e1micas propias de la universidad y de la carrera universitaria (acreditaciones, valoraci\u00f3n de unos tipos de investigaci\u00f3n m\u00e1s que de otros, concepto de la calidad docente, etc.)., m\u00e1s de una vez tengo la impresi\u00f3n que de la escuela a la facultad de educaci\u00f3n hay un camino que recorremos pocos e infrecuentemente. Los de <a class=\"read-more\" href=\"https:\/\/www.lindacastaneda.com\/en\/mushware\/viendo-innovar-als-novedors\/\">Read More<\/a><\/p>\n","protected":false},"author":1,"featured_media":0,"comment_status":"open","ping_status":"open","sticky":false,"template":"","format":"standard","meta":{"om_disable_all_campaigns":false,"_monsterinsights_skip_tracking":false,"_monsterinsights_sitenote_active":false,"_monsterinsights_sitenote_note":"","_monsterinsights_sitenote_category":0,"episode_type":"","audio_file":"","podmotor_file_id":"","podmotor_episode_id":"","cover_image":"","cover_image_id":"","duration":"","filesize":"","filesize_raw":"","date_recorded":"","explicit":"","block":"","itunes_episode_number":"","itunes_title":"","itunes_season_number":"","itunes_episode_type":"","_vp_format_video_url":"","_vp_image_focal_point":[],"footnotes":""},"categories":[3],"tags":[],"class_list":["post-109","post","type-post","status-publish","format-standard","hentry","category-blog"],"_links":{"self":[{"href":"https:\/\/www.lindacastaneda.com\/en\/wp-json\/wp\/v2\/posts\/109","targetHints":{"allow":["GET"]}}],"collection":[{"href":"https:\/\/www.lindacastaneda.com\/en\/wp-json\/wp\/v2\/posts"}],"about":[{"href":"https:\/\/www.lindacastaneda.com\/en\/wp-json\/wp\/v2\/types\/post"}],"author":[{"embeddable":true,"href":"https:\/\/www.lindacastaneda.com\/en\/wp-json\/wp\/v2\/users\/1"}],"replies":[{"embeddable":true,"href":"https:\/\/www.lindacastaneda.com\/en\/wp-json\/wp\/v2\/comments?post=109"}],"version-history":[{"count":0,"href":"https:\/\/www.lindacastaneda.com\/en\/wp-json\/wp\/v2\/posts\/109\/revisions"}],"wp:attachment":[{"href":"https:\/\/www.lindacastaneda.com\/en\/wp-json\/wp\/v2\/media?parent=109"}],"wp:term":[{"taxonomy":"category","embeddable":true,"href":"https:\/\/www.lindacastaneda.com\/en\/wp-json\/wp\/v2\/categories?post=109"},{"taxonomy":"post_tag","embeddable":true,"href":"https:\/\/www.lindacastaneda.com\/en\/wp-json\/wp\/v2\/tags?post=109"}],"curies":[{"name":"wp","href":"https:\/\/api.w.org\/{rel}","templated":true}]}}