{"id":1052,"date":"2017-10-19T11:54:09","date_gmt":"2017-10-19T09:54:09","guid":{"rendered":"http:\/\/www.lindacastaneda.com\/?p=1052"},"modified":"2017-10-19T11:54:09","modified_gmt":"2017-10-19T09:54:09","slug":"seminario-de-innovacion-en-el-ceip-ntra-senora-del-carmen","status":"publish","type":"post","link":"https:\/\/www.lindacastaneda.com\/en\/mushware\/seminario-de-innovacion-en-el-ceip-ntra-senora-del-carmen\/","title":{"rendered":"(Espa\u00f1ol) Seminario de Innovaci\u00f3n en el CEIP Ntra Se\u00f1ora del Carmen"},"content":{"rendered":"<p class=\"qtranxs-available-languages-message qtranxs-available-languages-message-en\">Sorry, this entry is only available in <a href=\"https:\/\/www.lindacastaneda.com\/es\/wp-json\/wp\/v2\/posts\/1052\" class=\"qtranxs-available-language-link qtranxs-available-language-link-es\" title=\"Espa\u00f1ol\">Espa\u00f1ol<\/a>.<\/p><p>Desde hace un par de a\u00f1os, y gracias a la intr\u00e9pida naturaleza de sus maestras de Infantil (hay un maestro) que se arriesgaron conmigo, colaboro con el profesorado de infantil del CEIP Nuestra Se\u00f1ora del Carmen de Murcia, haciendo de dinamizadora de un seminario de innovaci\u00f3n para el aula.<\/p>\n<p><strong>\u00bfY eso qu\u00e9 quiere decir?<\/strong> Que desde hace dos a\u00f1os largos nos reunimos una tarde con cierta frecuencia (como una vez al mes) para aprender juntos.<\/p>\n<p><strong>\u00bfY c\u00f3mo lo hacemos?<\/strong> Pues la estructura de los seminarios es siempre la misma: primero, uno a uno, contamos qu\u00e9 hemos hecho con nuestros alumnos desde que no nos vemos (actividades \u201cenriquecidas\u201d con tecnolog\u00eda, con su planificaci\u00f3n, c\u00f3mo se nos ocurri\u00f3, problemas, resultados, etc.), los dem\u00e1s intentamos ayudar animando, dando la enhorabuena, o aportando cosas para solventar problemas o \u201cmejorar\u201d la experiencia. Despu\u00e9s planteamos cosas que quer\u00edamos haber hecho y no hemos hecho por lo que sea, e intentamos dar soluci\u00f3n a eso que no nos deja ponerlo en marcha para poder seguir avanzando. Finalmente introducimos un concepto, tecnolog\u00eda, metodolog\u00eda, nuevos, toqueteamos un poco y dejamos faena para el pr\u00f3ximo dia.<\/p>\n<p><strong>\u00bfY c\u00f3mo es el CEIP de el Carmen?<\/strong><\/p>\n<p>Es un centro p\u00fablico, de un barrio tradicional de Murcia, diverso como pocos, con casu\u00edsticas familiares MUY variopintas, con una wifi que a veces va y a veces no va, unas pizarras digitales que s\u00ed y a veces tampoco, que ten\u00edan libro de texto en infantil hace 2 a\u00f1os (s\u00ed, jeje, ten\u00edan&#8230;), que tienen rotaci\u00f3n de interinos, gente m\u00e1s motivada, menos, que se les dan mejor las TIC, o peor&#8230; \u00a1vaya! un centro de lo m\u00e1s p\u00fablico&#8230; no tenemos una empresa que invierta en \u00e9l, ni un sponsor&#8230; y s\u00ed, con esos mimbres hacemos (y ah\u00ed me encanta incluirme) escuela \ud83d\ude42 &#8230;<\/p>\n<p>Dos a\u00f1os despu\u00e9s el camino ha sido estupendo\u2026 cada una de las cosas que hacen los maestros de infantil del CEIP Ntra Se\u00f1ora del Carmen merece una entrada (a ver si me decido y hago por fin un blog del seminario\u2026 promesa que tengo en medio).<\/p>\n<p>Hoy, aprovechando el proceso de reflexi\u00f3n que supuso el hecho de que una representaci\u00f3n del seminario participase en las pasadas Jornadas de Novadors, comparto con vosotros un par de testimonios de ese trabajo. Debo decir que el proceso de reflexi\u00f3n, las cosas de las que hablamos cuando pens\u00e1bamos qu\u00e9 contar\u00edamos en Novadors, fue en s\u00ed mismo un proceso de aprendizaje muy bonito (Dewey no dijo que se aprendiese haciendo, sino REFLEXIONANDO sobre lo hecho&#8230;)&#8230; y de ese proceso resultaron dos aportaciones para la sesi\u00f3n de pechakuchas:<\/p>\n<p>En primer lugar un cuento en el que se habla del seminario como experiencia de desarrollo profesional docente:<\/p>\n<p style=\"text-align: center;\"><iframe loading=\"lazy\" src=\"https:\/\/www.youtube.com\/embed\/T9uDdnOqqLs\" width=\"560\" height=\"315\" frameborder=\"0\" allowfullscreen=\"allowfullscreen\"><\/iframe><\/p>\n<p>Y en segundo lugar otro Pechakucha en Novadors en el M\u00aa Jos\u00e9 y M\u00aa\u00c1ngeles prsentaron algunas de las actividades que hacen los ni\u00f1os con tecnolog\u00eda (el v\u00eddeo es de todos los pechakuchas de este a\u00f1o, a nuestras profes las ten\u00e9is <a href=\"https:\/\/youtu.be\/OkKMrVz-Gho?t=2654\" target=\"_blank\" rel=\"noopener noreferrer\"><strong>a partir del minuto 44<\/strong><\/a>).<br \/>\n<a href=\"https:\/\/youtu.be\/OkKMrVz-Gho?t=44m12s\" target=\"_blank\" rel=\"noopener noreferrer\">https:\/\/youtu.be\/OkKMrVz-Gho?t=44m12s<\/a><\/p>\n<p style=\"text-align: center;\"><iframe loading=\"lazy\" src=\"https:\/\/www.youtube.com\/embed\/OkKMrVz-Gho\" width=\"560\" height=\"315\" frameborder=\"0\" allowfullscreen=\"allowfullscreen\"><\/iframe><\/p>\n<p>Si quer\u00e9is ver m\u00e1s, aqu\u00ed ten\u00e9is los blogs de los profes de infantil (de los que tienen), para que ech\u00e9is un vistazo a c\u00f3mo trabajan de bien y bonito:<\/p>\n<ul>\n<li><a href=\"http:\/\/experienciasdecolores.blogspot.com.es\/\" target=\"_blank\" rel=\"noopener noreferrer\"><strong>Experiencias de Colores<\/strong><\/a>, de la profesora M\u00aa \u00c1ngeles Oliva<\/li>\n<li><strong><a href=\"http:\/\/marjomefu.blogspot.com.es\/\" target=\"_blank\" rel=\"noopener noreferrer\">Mis peque\u00f1os educadores<\/a><\/strong>, de la profesora\u00a0Mar\u00eda Jos\u00e9 Medina Fuentes<\/li>\n<li><strong><a href=\"http:\/\/joseluisvillaarocena.blogspot.com.es\/\" target=\"_blank\" rel=\"noopener noreferrer\">Cocineros de viaje por el mundo<\/a><\/strong>, del profesor Jose Luis Villa Arrocena<\/li>\n<li><strong><a href=\"http:\/\/pequesdescubridores.blogspot.com.es\/\" target=\"_blank\" rel=\"noopener noreferrer\">Pequesdescubridores<\/a><\/strong>, de la profesora Encarna Garc\u00eda Garc\u00eda<\/li>\n<\/ul>\n<p>Yo he aprendido muchas cosas, bastantes m\u00e1s de las que aprenden ellos conmigo&#8230; y adem\u00e1s he tenido la oportunidad infinita de contribuir&#8230; y espero seguir haci\u00e9ndolo&#8230;. No en vano yo adem\u00e1s soy parte &#8220;afectada&#8221; en este proceso&#8230;<\/p>\n<p>El a\u00f1o pasado empezamos a contar con el respaldo de la Consejer\u00eda, tengo que decir que con la motivaci\u00f3n del grupo era m\u00e1s que suficiente, pero bien est\u00e1 que se oficialice el compromiso&#8230; Este a\u00f1o 2017-2018 continuamos con el seminario &#8220;respaldado&#8221; y se incorporan -felizmente- 13 profesores de primaria&#8230; es una nueva etapa y un nuevo camino&#8230;<\/p>\n<p>Espero que este post sirva, adem\u00e1s de como testimonio de otra de esas cosas que llevo &#8220;en medio&#8221;, como peque\u00f1o tributo a esos maestros y maestras que han confiado en m\u00ed y que lo hacen TAN bien&#8230; es un privilegio\u00a0teneros como profes&#8230; \u00a1Gracias a todos!<\/p>\n<p>Ya os contar\u00e9&#8230;<\/p>","protected":false},"excerpt":{"rendered":"<p>Sorry, this entry is only available in Espa\u00f1ol.Desde hace un par de a\u00f1os, y gracias a la intr\u00e9pida naturaleza de sus maestras de Infantil (hay un maestro) que se arriesgaron conmigo, colaboro con el profesorado de infantil del CEIP Nuestra Se\u00f1ora del Carmen de Murcia, haciendo de dinamizadora de un seminario de innovaci\u00f3n para el <a class=\"read-more\" href=\"https:\/\/www.lindacastaneda.com\/en\/mushware\/seminario-de-innovacion-en-el-ceip-ntra-senora-del-carmen\/\">Read More<\/a><\/p>\n","protected":false},"author":1,"featured_media":0,"comment_status":"open","ping_status":"open","sticky":false,"template":"","format":"standard","meta":{"om_disable_all_campaigns":false,"_monsterinsights_skip_tracking":false,"_monsterinsights_sitenote_active":false,"_monsterinsights_sitenote_note":"","_monsterinsights_sitenote_category":0,"_vp_format_video_url":"","_vp_image_focal_point":[],"footnotes":""},"categories":[10,18,28],"tags":[45,65],"class_list":["post-1052","post","type-post","status-publish","format-standard","hentry","category-cosas-sobre-mi","category-pedagogia","category-web-2-0","tag-ceipelcarmen","tag-dpd"],"_links":{"self":[{"href":"https:\/\/www.lindacastaneda.com\/en\/wp-json\/wp\/v2\/posts\/1052","targetHints":{"allow":["GET"]}}],"collection":[{"href":"https:\/\/www.lindacastaneda.com\/en\/wp-json\/wp\/v2\/posts"}],"about":[{"href":"https:\/\/www.lindacastaneda.com\/en\/wp-json\/wp\/v2\/types\/post"}],"author":[{"embeddable":true,"href":"https:\/\/www.lindacastaneda.com\/en\/wp-json\/wp\/v2\/users\/1"}],"replies":[{"embeddable":true,"href":"https:\/\/www.lindacastaneda.com\/en\/wp-json\/wp\/v2\/comments?post=1052"}],"version-history":[{"count":0,"href":"https:\/\/www.lindacastaneda.com\/en\/wp-json\/wp\/v2\/posts\/1052\/revisions"}],"wp:attachment":[{"href":"https:\/\/www.lindacastaneda.com\/en\/wp-json\/wp\/v2\/media?parent=1052"}],"wp:term":[{"taxonomy":"category","embeddable":true,"href":"https:\/\/www.lindacastaneda.com\/en\/wp-json\/wp\/v2\/categories?post=1052"},{"taxonomy":"post_tag","embeddable":true,"href":"https:\/\/www.lindacastaneda.com\/en\/wp-json\/wp\/v2\/tags?post=1052"}],"curies":[{"name":"wp","href":"https:\/\/api.w.org\/{rel}","templated":true}]}}