{"id":1037,"date":"2017-04-23T03:48:45","date_gmt":"2017-04-23T01:48:45","guid":{"rendered":"http:\/\/www.lindacastaneda.com\/?p=1037"},"modified":"2017-04-23T03:48:45","modified_gmt":"2017-04-23T01:48:45","slug":"8-anos-de-eabes-y-novadors-versos-sueltos","status":"publish","type":"post","link":"https:\/\/www.lindacastaneda.com\/en\/mushware\/8-anos-de-eabes-y-novadors-versos-sueltos\/","title":{"rendered":"(Espa\u00f1ol) 8 a\u00f1os de EABEs y Novadors&#8230; versos sueltos"},"content":{"rendered":"<p class=\"qtranxs-available-languages-message qtranxs-available-languages-message-en\">Sorry, this entry is only available in <a href=\"https:\/\/www.lindacastaneda.com\/es\/wp-json\/wp\/v2\/posts\/1037\" class=\"qtranxs-available-language-link qtranxs-available-language-link-es\" title=\"Espa\u00f1ol\">Espa\u00f1ol<\/a>.<\/p><p>Hace un par de semanitas tuve el inmenso privilegio de acercarme una tarde a participar del <a href=\"https:\/\/eabe.es\/\" target=\"_blank\" rel=\"noopener noreferrer\">EABE 2017 en Almer\u00eda<\/a>. Hac\u00eda 4 a\u00f1os que no iba (s\u00ed, desde que fui embarazada de Raquel), pero Manolo (<a href=\"http:\/\/internetaula.ning.com\/profile\/Manuel\" target=\"_blank\" rel=\"noopener noreferrer\">Manuel J. Rubia<\/a>) me pregunt\u00f3 si me apetecer\u00eda participar en una mesa redonda, y yo acept\u00e9 sin dudar.<\/p>\n<p>La participaci\u00f3n en esa mesa redonda, aparte de las reflexiones que hemos tenido en este \u00faltimo a\u00f1o en el marco de <a href=\"http:\/\/novadors.org\" target=\"_blank\" rel=\"noopener noreferrer\">Novadors <\/a>(y que merecer\u00edan m\u00e1s de un post\u2026 de los que espero escribir alguno) y algunas de las cositas que he hecho este a\u00f1o, me hicieron pensar en algunas cosas. No las puedo ordenar, ni siquiera s\u00e9 si son realmente importantes, pero han quedado resonando en mi cabeza y me gustar\u00eda mucho compartirlas:<\/p>\n<p>Lo primero de todo es que al llegar a EABE 2017 volvieron a mi cabeza, apelotonados, montones de recuerdos felices, <a href=\"https:\/\/www.flickr.com\/search\/?text=eabe11\" target=\"_blank\" rel=\"noopener noreferrer\">de mis primeros EABE<\/a>, de mis primeros Novadors\u2026 y record\u00e9 un mont\u00f3n de cosas sobre todos nosotros.<\/p>\n<p>Hace diez a\u00f1os, los que \u00edbamos a EABE, a Novadors, ten\u00edamos esas caras que yo ve\u00eda en EABE en aquellos que ven\u00edan por primera vez o aquellos a quien no conoc\u00eda (y que veo en quienes nos acompa\u00f1an por primera o segunda vez en Novadors), no son tan distintos\u2026 son apasionados, les encanta su trabajo, saben que algo no va bien y quieren buscar caminos para recorrer.<\/p>\n<p>Algunos de ellos sienten que este \u201cencuentro\u201d es su oportunidad de conocer a otros \u201ctan frikis\u201d como ellos (los entrecomillados son frases que o\u00ed en EABE y en Novadors hace 2 semanas y eran casi iguales a las de hace 8 a\u00f1os), es su oportunidad de \u201csentirse acompa\u00f1ados\u201d, de conocer gente, de o\u00edr ideas nuevas\u2026 \u2026 son como nosotros\u2026 como \u00e9ramos nosotros entonces\u2026<\/p>\n<p>Sigue habiendo ese colectivo de personas que sienten eso y que necesitan de esos momentos para seguir buscando\u2026 siguen \u201cdesvirtualizando\u201d personas (los del Twitter que, como dice Vicent Campos, cuando se ven por primera vez, primero gritan y despu\u00e9s se abrazan)\u2026 siguen necesitando calorcito.<\/p>\n<p>Despu\u00e9s estamos los que llevamos 8 a\u00f1os \u2013y m\u00e1s- en estos \u201csaraos\u201d. Seguimos siendo los mismos\u2026 nos sigue apasionando lo que hacemos, la mayor\u00eda hemos sobrevivido al ego de demasiados espejos. Creemos que estamos de vuelta de algunas cosas y estamos muy resabidos (<em>resabiados<\/em> que dir\u00eda mi abuela), despu\u00e9s de muchos tumbos, decepciones, vueltas, intentonas, etc. Muchos seguimos donde est\u00e1bamos, pero de nosotros, los \u201cmayores\u201d, me llaman la atenci\u00f3n dos fen\u00f3menos principales.<\/p>\n<p>El primero, una reflexi\u00f3n que me hac\u00eda <a href=\"http:\/\/jmruizpalomo.blogspot.com.es\/\" target=\"_blank\" rel=\"noopener noreferrer\">Jose M\u00aa Ruiz Palomo<\/a> en Madrid el a\u00f1o pasado. Muchos de los que entonces \u2013hace 8 a\u00f1os- eran \u201cfrikis\u201d, \u201csolitarios\u201d, \u201cfrancotiradores\u201d, \u201cdisruptivos al margen de la ley\u201d, hoy son parte de equipo directivo, si no directores, de sus centros. Algunos han dejado de ser \u201clos raros\u201d y ahora son fuentes de inspiraci\u00f3n&#8230;.<br \/>\n\u00bfEso es que nos estamos (\u201cse est\u00e1n\u201d) aburguesando? Puede (\u00a1es broma!), pero tambi\u00e9n tiene otra lectura (que es la que me hac\u00eda, l\u00facido como siempre, Jose M\u00aa): cuando te das cuenta de que ir en solitario no es suficiente, de que la unidad del cambio es la escuela (no el profe, no tu clase), entonces decides que tienes que mojarte y cambiar\u2026 hacerte cargo y comprometerte\u2026 y ese cambio de perspectiva hace que aprendamos mucho (como dice <a href=\"http:\/\/www.repasodelengua.com\/\" target=\"_blank\" rel=\"noopener noreferrer\">Toni Solano<\/a>), dicen que se han dado cuenta de mucho que no es \u201ctan sencillo\u201d desde dentro, que no basta con quererlo, y llega un punto en que tampoco basta con abrazarnos, ni con ir a los saraos (como dice <a href=\"https:\/\/twitter.com\/nololamento\" target=\"_blank\" rel=\"noopener noreferrer\">Lola Urbano<\/a>). Por eso se han comprometido y est\u00e1n articulando propuestas realmente bonitas en centros de toda Espa\u00f1a\u2026 a pesar de la que cae\u2026 ellos, los francotiradores de entonces, hoy son \u201cjefes de escuadra\u201d (hay muchos ejemplos, repasad listas y ver\u00e9is).<\/p>\n<p>De los \u201cmayores\u201d de EABE tambi\u00e9n he notado que estamos llenos de dudas, <a href=\"https:\/\/www.novadors.org\/2016\/05\/necessitem-temps-per-a-pensar-i-ens-ho-anem-a-prendre-novadors16-un-any-sabatic\/\" target=\"_blank\" rel=\"noopener noreferrer\">dudas que nos asaltaron a Novadors hace m\u00e1s de un a\u00f1o<\/a>. Los que venimos y participamos desde hace tanto de estos eventos (y no somos trolls dedicados a insultar a los colegas), creo que somos conscientes de la importancia que tienen estos eventos para otros profesores\u2026 sobre todo para los nuevos, para los que empiezan a tener su red entre nosotros\u2026 los resultados, afluencia y ambiente de las ediciones de cada a\u00f1o nos lo confirman.<\/p>\n<p>Sin embargo, a muchos de nosotros tener un colectivo que solo se dedica a organizar este evento anual (o incluso un par m\u00e1s en invierno), empieza a no satisfacer del todo nuestras necesidades, no es suficiente.<\/p>\n<p>Lo o\u00ed de algunos compa\u00f1eros \u201ccl\u00e1sicos\u201d de EABE cuando se planteaban si volver\u00edan o no el a\u00f1o que viene (Si, <a href=\"http:\/\/jlcastilloch.es\/\" target=\"_blank\" rel=\"noopener noreferrer\">Jos\u00e9 Luis Castillo<\/a>, tu eres un cl\u00e1sico jeje), y lo hablamos largamente los miembros de Novadors el a\u00f1o pasado\u2026<\/p>\n<p>Tengo que decir que cada colectivo es muy diferente, somos muy parecidos pero distintos tambi\u00e9n. Sin embargo, esa \u201cinquietud\u201d sobre cu\u00e1l es -despu\u00e9s de 10 a\u00f1os- nuestro lugar en el mundo, deber\u00eda provocar que demos nuevos pasos y exploremos caminos nuevos, diversos\u2026 igual m\u00e1s arriesgados. En el caso de Novadors ha provocado que no llev\u00e1ramos a cabo Novadors 2016 (aunque ten\u00edamos programa y audiencia) y que decidi\u00e9ramos pensar con calma y reubicar la l\u00ednea de horizonte\u2026 \u00a0Ahora creemos que tenemos uno y vamos a hacer Novadors 2017 adem\u00e1s de hacer cosas diferentes en el seno de Novadors (espero que os contemos m\u00e1s, pronto). Pero adem\u00e1s entiendo que esa sensaci\u00f3n puede provocar en todos estos colectivos, discusiones de fondo que espero sinceramente que nos hagan\u2026 eso, reubicar el horizonte.<\/p>\n<p>Esto son solo mis pensamientos (provocados y adornados por amigos que son m\u00e1s listos que yo). No soy la portavoz de nadie. Pens\u00e9 alguna cosa m\u00e1s\u2026 pero creo que por este post es suficiente\u2026<\/p>\n<p>Solo una cosa m\u00e1s, bueno dos\u2026 Una: Somos muy parecidos y muy distintos. Cada uno de estos eventos (Ciberespiral, Novadors, EABE, Aulablog y m\u00e1s\u2026), de estos colectivos, se han ido afianzando como foros de conversaci\u00f3n, de charla, de desahogo, para gente a la que le apasiona lo que hace, al punto de usar su tiempo libre para intentar hacer algo mejor en ello\u2026 en este caso, en educaci\u00f3n. Pero, aunque somos parecidos, cada uno de estos colectivos y eventos, se ha impregnado de la personalidad \u2013incluso del \u201cesp\u00edritu regional\u201d- que les rodea\u2026 somos diferentes\u2026 no podemos evolucionar igual\u2026<\/p>\n<p>Y dos: yo sigo estando aqu\u00ed, y sinti\u00e9ndome orgullosa de ver este fen\u00f3meno desde tan cerca y de intentar formar parte de \u00e9l. Hace a\u00f1os, gracias en parte a mi ingreso en Novadors y a mi actividad en Twitter, tuve el privilegio de empezar a tener una relaci\u00f3n m\u00e1s que cercana con redes de profesores a lo ancho y largo de toda Espa\u00f1a, una relaci\u00f3n que se mantiene en el tiempo y que supera con creces los l\u00edmites de lo que se considera profesional o acad\u00e9mico. Hoy, tantos a\u00f1os despu\u00e9s, sigo teniendo en esa relaci\u00f3n una conexi\u00f3n preciosa que me sirva de \u201ctoma de tierra\u201d. He aprendido mucho, sigo aprendiendo mucho\u2026 y nos esperan tiempos desafiantes\u2026 m\u00e1s incluso que los que han pasado\u2026 habremos de seguir pensando\u2026<\/p>\n<p>Faena\u2026 pensar\u2026 bueno, y batirnos, que siempre queda batirnos\u2026<\/p>","protected":false},"excerpt":{"rendered":"<p>Sorry, this entry is only available in Espa\u00f1ol.Hace un par de semanitas tuve el inmenso privilegio de acercarme una tarde a participar del EABE 2017 en Almer\u00eda. Hac\u00eda 4 a\u00f1os que no iba (s\u00ed, desde que fui embarazada de Raquel), pero Manolo (Manuel J. Rubia) me pregunt\u00f3 si me apetecer\u00eda participar en una mesa redonda, <a class=\"read-more\" href=\"https:\/\/www.lindacastaneda.com\/en\/mushware\/8-anos-de-eabes-y-novadors-versos-sueltos\/\">Read More<\/a><\/p>\n","protected":false},"author":1,"featured_media":0,"comment_status":"open","ping_status":"open","sticky":false,"template":"","format":"standard","meta":{"om_disable_all_campaigns":false,"_monsterinsights_skip_tracking":false,"_monsterinsights_sitenote_active":false,"_monsterinsights_sitenote_note":"","_monsterinsights_sitenote_category":0,"_vp_format_video_url":"","_vp_image_focal_point":[],"footnotes":""},"categories":[9,15,22],"tags":[],"class_list":["post-1037","post","type-post","status-publish","format-standard","hentry","category-congresos","category-eventos","category-reflexiones"],"_links":{"self":[{"href":"https:\/\/www.lindacastaneda.com\/en\/wp-json\/wp\/v2\/posts\/1037","targetHints":{"allow":["GET"]}}],"collection":[{"href":"https:\/\/www.lindacastaneda.com\/en\/wp-json\/wp\/v2\/posts"}],"about":[{"href":"https:\/\/www.lindacastaneda.com\/en\/wp-json\/wp\/v2\/types\/post"}],"author":[{"embeddable":true,"href":"https:\/\/www.lindacastaneda.com\/en\/wp-json\/wp\/v2\/users\/1"}],"replies":[{"embeddable":true,"href":"https:\/\/www.lindacastaneda.com\/en\/wp-json\/wp\/v2\/comments?post=1037"}],"version-history":[{"count":0,"href":"https:\/\/www.lindacastaneda.com\/en\/wp-json\/wp\/v2\/posts\/1037\/revisions"}],"wp:attachment":[{"href":"https:\/\/www.lindacastaneda.com\/en\/wp-json\/wp\/v2\/media?parent=1037"}],"wp:term":[{"taxonomy":"category","embeddable":true,"href":"https:\/\/www.lindacastaneda.com\/en\/wp-json\/wp\/v2\/categories?post=1037"},{"taxonomy":"post_tag","embeddable":true,"href":"https:\/\/www.lindacastaneda.com\/en\/wp-json\/wp\/v2\/tags?post=1037"}],"curies":[{"name":"wp","href":"https:\/\/api.w.org\/{rel}","templated":true}]}}