{"id":1029,"date":"2017-03-20T12:13:50","date_gmt":"2017-03-20T11:13:50","guid":{"rendered":"http:\/\/www.lindacastaneda.com\/?p=1029"},"modified":"2017-03-20T12:13:50","modified_gmt":"2017-03-20T11:13:50","slug":"suelo-y-sol-mas-pensamiento-y-contexto-para-la-innovacion-educativa","status":"publish","type":"post","link":"https:\/\/www.lindacastaneda.com\/en\/mushware\/suelo-y-sol-mas-pensamiento-y-contexto-para-la-innovacion-educativa\/","title":{"rendered":"(Espa\u00f1ol) Suelo y sol: m\u00e1s pensamiento (y contexto) para la innovaci\u00f3n educativa"},"content":{"rendered":"<p class=\"qtranxs-available-languages-message qtranxs-available-languages-message-en\">Sorry, this entry is only available in <a href=\"https:\/\/www.lindacastaneda.com\/es\/wp-json\/wp\/v2\/posts\/1029\" class=\"qtranxs-available-language-link qtranxs-available-language-link-es\" title=\"Espa\u00f1ol\">Espa\u00f1ol<\/a>.<\/p><p>Hace unos meses tuve el privilegio de escribir unas palabras que han sido incluidas en el \u00faltimo n\u00famero del <a href=\"http:\/\/www.fundacionginer.org\/boletin\/bol_nuevonumero.htm\">Bolet\u00edn de la Insitituci\u00f3n Libre de Ense\u00f1anza <\/a>sobre mi visi\u00f3n sobre el suelo y el techo que le falta a la innovaci\u00f3n educativa. Estaba esperando a que el texto estuviese disponible online para compartirlo con vosotros, pero Fernando Trujillo, con su entrada sobre<a href=\"http:\/\/fernandotrujillo.es\/los-pedagogos\/\"> los pedagogos<\/a> me ha &#8220;tirado&#8221; de la lengua jeje&#8230; as\u00ed que aqu\u00ed me ten\u00e9is (gracias Fernando).<\/p>\n<p>Comparto con Fernando algunos de los puntos de su an\u00e1lisis (son evidentes en el texto que os presento), algunos no. Creo que el asunto es bastante m\u00e1s complejo (si, no complicado, complejo).<\/p>\n<p>Aqu\u00ed os lo dejo, espero que sea de vuestro inter\u00e9s<\/p>\n<blockquote><p>Casta\u00f1eda, L. (2016) <a href=\"https:\/\/digitum.um.es\/xmlui\/bitstream\/10201\/52540\/1\/BILE104_Castaneda_CO-PZLinda.pdf\">Suelo y sol: m\u00e1s pensamiento y contexto para la innovaci\u00f3n educativa<\/a>.\u00a0Bolet\u00edn de la Instituci\u00f3n Libre de Ense\u00f1anza, 104. 37-50<\/p><\/blockquote>\n<p>S\u00f3lo una precisi\u00f3n final. Una lanza por mis compa\u00f1eros, por los de la universidad y los de fuera. No solo por lo que me toca (que es interesado y muy parcial), no creo que falten pensamientos profundos o interesantes que &#8220;releven&#8221; a los grandes pedagogos de una generaci\u00f3n como la precedente (sigo creyendo en la distribuci\u00f3n normal de las poblaciones).<\/p>\n<p>La generaci\u00f3n que viene (que ya est\u00e1 en las universidades o en los \u00e1mbitos sociales de desarrollo educativo), \u00a0est\u00e1 llena de gente potente, lista y de pensamiento profundo que intenta cambiar la educaci\u00f3n y hacer mejor las cosas, no obstante, puede que no vaya a tener la repercusi\u00f3n medi\u00e1tica\/acad\u00e9mica de los &#8220;mayores&#8221;, \u00a0porque la cosa ha cambiado mucho y la precarizaci\u00f3n de los puestos de trabajo de los acad\u00e9micos les afecta tambi\u00e9n de forma absolutamente terrible.<\/p>\n<p>Y a pesar de ello, a pesar de que diluvia, piensan maravillosamente e intentan influir en su contexto tanto como les es posible&#8230; \u00bffalta hacerlo m\u00e1s?&#8230; seguro&#8230; pero haberlos haylos.<\/p>\n<p>En la lista final de agradecimientos intelectuales que nos presenta Fernando Trujillo creo que est\u00e1n muchos de los que son, aunque hay grandes ausencias que entiendo no pueden ser suplidas en un post y menos a gusto de todos, pero debo decir que cada vez falta m\u00e1s espacio para la pedagog\u00eda.<\/p>\n<p>De varios de los conferenciantes (blogueros, tuiteros y &#8220;educadores&#8221; en general), todos &#8220;expertos&#8221; en &#8220;innovaci\u00f3n educativa&#8221; con los que coincido en saraos varios he tenido que aguantar (sab\u00e9is que a algunos les aguanto menos) que me digan que &#8220;sin \u00e1nimo de ofenderme&#8221; que creen que de pedagog\u00eda es de lo \u00faltimo que se debe hablar en la escuela&#8230; y que los pedagogos sobramos. Se agradece Fernando que alguien nos eche a faltar.<\/p>","protected":false},"excerpt":{"rendered":"<p>Sorry, this entry is only available in Espa\u00f1ol.Hace unos meses tuve el privilegio de escribir unas palabras que han sido incluidas en el \u00faltimo n\u00famero del Bolet\u00edn de la Insitituci\u00f3n Libre de Ense\u00f1anza sobre mi visi\u00f3n sobre el suelo y el techo que le falta a la innovaci\u00f3n educativa. Estaba esperando a que el texto <a class=\"read-more\" href=\"https:\/\/www.lindacastaneda.com\/en\/mushware\/suelo-y-sol-mas-pensamiento-y-contexto-para-la-innovacion-educativa\/\">Read More<\/a><\/p>\n","protected":false},"author":1,"featured_media":0,"comment_status":"open","ping_status":"open","sticky":false,"template":"","format":"standard","meta":{"om_disable_all_campaigns":false,"_monsterinsights_skip_tracking":false,"_monsterinsights_sitenote_active":false,"_monsterinsights_sitenote_note":"","_monsterinsights_sitenote_category":0,"_vp_format_video_url":"","_vp_image_focal_point":[],"footnotes":""},"categories":[18,22],"tags":[],"class_list":["post-1029","post","type-post","status-publish","format-standard","hentry","category-pedagogia","category-reflexiones"],"_links":{"self":[{"href":"https:\/\/www.lindacastaneda.com\/en\/wp-json\/wp\/v2\/posts\/1029","targetHints":{"allow":["GET"]}}],"collection":[{"href":"https:\/\/www.lindacastaneda.com\/en\/wp-json\/wp\/v2\/posts"}],"about":[{"href":"https:\/\/www.lindacastaneda.com\/en\/wp-json\/wp\/v2\/types\/post"}],"author":[{"embeddable":true,"href":"https:\/\/www.lindacastaneda.com\/en\/wp-json\/wp\/v2\/users\/1"}],"replies":[{"embeddable":true,"href":"https:\/\/www.lindacastaneda.com\/en\/wp-json\/wp\/v2\/comments?post=1029"}],"version-history":[{"count":0,"href":"https:\/\/www.lindacastaneda.com\/en\/wp-json\/wp\/v2\/posts\/1029\/revisions"}],"wp:attachment":[{"href":"https:\/\/www.lindacastaneda.com\/en\/wp-json\/wp\/v2\/media?parent=1029"}],"wp:term":[{"taxonomy":"category","embeddable":true,"href":"https:\/\/www.lindacastaneda.com\/en\/wp-json\/wp\/v2\/categories?post=1029"},{"taxonomy":"post_tag","embeddable":true,"href":"https:\/\/www.lindacastaneda.com\/en\/wp-json\/wp\/v2\/tags?post=1029"}],"curies":[{"name":"wp","href":"https:\/\/api.w.org\/{rel}","templated":true}]}}